{"id":119317,"date":"2019-11-03T13:59:11","date_gmt":"2019-11-03T11:59:11","guid":{"rendered":"http:\/\/sana.sy\/es\/?p=119317"},"modified":"2019-11-03T13:59:11","modified_gmt":"2019-11-03T11:59:11","slug":"partido-opositor-turco-afirma-que-politicas-de-erdogan-hacia-siria-y-la-region-fallaron","status":"publish","type":"post","link":"https:\/\/archive.sana.sy\/es\/?p=119317","title":{"rendered":"Partido opositor turco afirma que pol\u00edticas de Erdogan hacia Siria y la regi\u00f3n fallaron"},"content":{"rendered":"<p style=\"text-align: justify;\"><span lang=\"ES-TRAD\" style=\"color: #800000;\">Ankara, SANA<\/span><\/p>\n<p style=\"text-align: justify;\"><span lang=\"ES-TRAD\">El l\u00edder del Partido Popular Republicano Turco, Kemal K\u0131l\u0131\u00e7daroglu, dijo que las pol\u00edticas del presidente del r\u00e9gimen turco Recep Tayyip Erdogan hacia Siria y Oriente Medio fallaron porque no adopt\u00f3 pol\u00edticas nacionales sino aplic\u00f3 por l\u00edticas al servicio de Washington y el Proyecto del Gran Medio Oriente.\u00a0<\/span><\/p>\n<p style=\"text-align: justify;\"><span lang=\"ES-TRAD\">En declaraciones a los periodistas en Ankara, Kilicdaroglu dijo que &#8220;Erdogan junto a Estados Unidos, Arabia Saudita y Qatar intervinieron en Siria bajo el pretexto de la democracia, y apoyaron a los grupos terroristas que han destruido a Siria y obligaron a millones de sirios a dejar sus hogares&#8221;.<\/span><\/p>\n<p style=\"text-align: justify;\"><span lang=\"ES-TRAD\">Agreg\u00f3 que estas pol\u00edticas han demostrado su fracaso en los niveles t\u00e1ctico y estrat\u00e9gico.<\/span><\/p>\n<p style=\"text-align: justify;\"><span lang=\"ES-TRAD\">El l\u00edder opositor turco indic\u00f3 que Erdogan apoy\u00f3 la organizaci\u00f3n terrorista Daesh, incluso despu\u00e9s de los atentados terroristas en Estambul y Ankara y otras ciudades,.<\/span><\/p>\n<p style=\"text-align: justify;\"><span lang=\"ES-TRAD\">Explic\u00f3 que resolver los problemas entre Siria y Turqu\u00eda implica una coordinaci\u00f3n y cooperaci\u00f3n directa con el gobierno sirio y sus instituciones leg\u00edtimas.<\/span><\/p>\n<p style=\"text-align: justify;\"><span style=\"color: #0000ff;\">E.D\/ F.M<\/span><\/p>\n","protected":false},"excerpt":{"rendered":"<p>Ankara, SANA El l\u00edder del Partido Popular Republicano Turco, Kemal K\u0131l\u0131\u00e7daroglu, dijo que las pol\u00edticas del presidente del r\u00e9gimen turco Recep Tayyip Erdogan hacia Siria y Oriente Medio fallaron porque no adopt\u00f3 pol\u00edticas nacionales sino aplic\u00f3 por l\u00edticas al servicio de Washington y el Proyecto del Gran Medio Oriente.\u00a0 En declaraciones a los periodistas en &hellip;<\/p>\n","protected":false},"author":34,"featured_media":119318,"comment_status":"closed","ping_status":"closed","sticky":false,"template":"","format":"standard","meta":{"footnotes":""},"categories":[597,467,7541],"tags":[16922],"class_list":["post-119317","post","type-post","status-publish","format-standard","has-post-thumbnail","","category-cinta-de-noticias","category-siria-y-el-mundo","category-ultimas-noticias","tag-partido-opositor-turco-afirma-que-politicas-de-erdogan-hacia-siria-y-la-region-fallaron"],"_links":{"self":[{"href":"https:\/\/archive.sana.sy\/es\/index.php?rest_route=\/wp\/v2\/posts\/119317"}],"collection":[{"href":"https:\/\/archive.sana.sy\/es\/index.php?rest_route=\/wp\/v2\/posts"}],"about":[{"href":"https:\/\/archive.sana.sy\/es\/index.php?rest_route=\/wp\/v2\/types\/post"}],"author":[{"embeddable":true,"href":"https:\/\/archive.sana.sy\/es\/index.php?rest_route=\/wp\/v2\/users\/34"}],"replies":[{"embeddable":true,"href":"https:\/\/archive.sana.sy\/es\/index.php?rest_route=%2Fwp%2Fv2%2Fcomments&post=119317"}],"version-history":[{"count":0,"href":"https:\/\/archive.sana.sy\/es\/index.php?rest_route=\/wp\/v2\/posts\/119317\/revisions"}],"wp:featuredmedia":[{"embeddable":true,"href":"https:\/\/archive.sana.sy\/es\/index.php?rest_route=\/wp\/v2\/media\/119318"}],"wp:attachment":[{"href":"https:\/\/archive.sana.sy\/es\/index.php?rest_route=%2Fwp%2Fv2%2Fmedia&parent=119317"}],"wp:term":[{"taxonomy":"category","embeddable":true,"href":"https:\/\/archive.sana.sy\/es\/index.php?rest_route=%2Fwp%2Fv2%2Fcategories&post=119317"},{"taxonomy":"post_tag","embeddable":true,"href":"https:\/\/archive.sana.sy\/es\/index.php?rest_route=%2Fwp%2Fv2%2Ftags&post=119317"}],"curies":[{"name":"wp","href":"https:\/\/api.w.org\/{rel}","templated":true}]}}