{"id":119324,"date":"2019-11-03T15:33:41","date_gmt":"2019-11-03T13:33:41","guid":{"rendered":"http:\/\/sana.sy\/es\/?p=119324"},"modified":"2019-11-04T13:21:02","modified_gmt":"2019-11-04T11:21:02","slug":"excepcionales-esfuerzos-para-ayudar-a-las-familias-desplazadas-a-consecuencia-de-la-agresion-turca","status":"publish","type":"post","link":"https:\/\/archive.sana.sy\/es\/?p=119324","title":{"rendered":"Excepcionales esfuerzos para ayudar a las familias desplazadas a consecuencia de la agresi\u00f3n turca"},"content":{"rendered":"<p style=\"text-align: justify;\"><strong><span style=\"color: #800000;\">Hasakeh, SANA<\/span><\/strong><\/p>\n<p style=\"text-align: justify;\">El Departamento de Asuntos Sociales de la provincia de Hasakeh trabaja las 24 horas para atender las necesidades de los desplazados a consecuencia de la agresi\u00f3n del r\u00e9gimen turco y sus mercenarios de grupos terroristas.<\/p>\n<p style=\"text-align: justify;\">La mayor\u00eda de los desplazados proceden de los poblados pertenecientes administrativamente a las ciudades de Ras al-Ain, Abu Raseen y Tel Temr, donde m\u00e1s de 100 mil personas tuvieron que abandonar sus hogares.<\/p>\n<p style=\"text-align: justify;\"><img loading=\"lazy\" decoding=\"async\" class=\" wp-image-119329 alignleft\" src=\"http:\/\/sana.sy\/es\/wp-content\/uploads\/2019\/11\/5-20-300x211.jpg\" alt=\"\" width=\"281\" height=\"198\" srcset=\"https:\/\/archive.sana.sy\/es\/wp-content\/uploads\/2019\/11\/5-20-300x211.jpg 300w, https:\/\/archive.sana.sy\/es\/wp-content\/uploads\/2019\/11\/5-20-150x106.jpg 150w, https:\/\/archive.sana.sy\/es\/wp-content\/uploads\/2019\/11\/5-20.jpg 660w\" sizes=\"(max-width: 281px) 100vw, 281px\" \/>\u201cDesde los primeros momentos de la agresi\u00f3n turca contra Siria, las instituciones estatales en cooperaci\u00f3n con organizaciones y asociaciones ben\u00e9ficas, se movilizaron para brindar toda asistencia posible a las personas desplazadas\u201d, dijo Issam Al-Hussein, Jefe del Departamento de Asuntos Sociales y Trabajo.<\/p>\n<p style=\"text-align: justify;\">En este sentido, 65 centros de alojamiento fueron equipados con todos los servicios b\u00e1sicos para recibir a las familias.<\/p>\n<p>&nbsp;<\/p>\n<p style=\"text-align: justify;\"><img loading=\"lazy\" decoding=\"async\" class=\"size-medium wp-image-119325 alignleft\" src=\"http:\/\/sana.sy\/es\/wp-content\/uploads\/2019\/11\/1-45-660x330-300x150.jpg\" alt=\"\" width=\"300\" height=\"150\" srcset=\"https:\/\/archive.sana.sy\/es\/wp-content\/uploads\/2019\/11\/1-45-660x330-300x150.jpg 300w, https:\/\/archive.sana.sy\/es\/wp-content\/uploads\/2019\/11\/1-45-660x330-150x75.jpg 150w, https:\/\/archive.sana.sy\/es\/wp-content\/uploads\/2019\/11\/1-45-660x330.jpg 660w\" sizes=\"(max-width: 300px) 100vw, 300px\" \/>Agreg\u00f3 que la ayuda no se limita a las familias en los centros de alojamiento sino abarca aquellas que tuvieron que quedarse en casas de familiares o conocidos, y a las cuales se le entrega canastas de alimentos, art\u00edculos de salud, ropas de invierno, art\u00edculos de higiene, tanques de agua, fogones de cocina, adem\u00e1s de agua potable, mantas, colchones, sillas para discapacitados y servicios m\u00e9dicos y terap\u00e9uticos de salud&#8221;.<\/p>\n<p style=\"text-align: justify;\">De igual manera, las asociaciones ofrecen diariamente miles de raciones de comida a los desplazados.<\/p>\n<p style=\"text-align: justify;\"><span style=\"color: #0000ff;\"><strong>F.M<\/strong><\/span><\/p>\n<p>&nbsp;<\/p>\n","protected":false},"excerpt":{"rendered":"<p>Hasakeh, SANA El Departamento de Asuntos Sociales de la provincia de Hasakeh trabaja las 24 horas para atender las necesidades de los desplazados a consecuencia de la agresi\u00f3n del r\u00e9gimen turco y sus mercenarios de grupos terroristas. La mayor\u00eda de los desplazados proceden de los poblados pertenecientes administrativamente a las ciudades de Ras al-Ain, Abu &hellip;<\/p>\n","protected":false},"author":34,"featured_media":119327,"comment_status":"closed","ping_status":"closed","sticky":false,"template":"","format":"standard","meta":{"footnotes":""},"categories":[477,597,476,467,7541],"tags":[],"class_list":["post-119324","post","type-post","status-publish","format-standard","has-post-thumbnail","","category-noticias-edulcorantes","category-cinta-de-noticias","category-locales","category-siria-y-el-mundo","category-ultimas-noticias"],"_links":{"self":[{"href":"https:\/\/archive.sana.sy\/es\/index.php?rest_route=\/wp\/v2\/posts\/119324"}],"collection":[{"href":"https:\/\/archive.sana.sy\/es\/index.php?rest_route=\/wp\/v2\/posts"}],"about":[{"href":"https:\/\/archive.sana.sy\/es\/index.php?rest_route=\/wp\/v2\/types\/post"}],"author":[{"embeddable":true,"href":"https:\/\/archive.sana.sy\/es\/index.php?rest_route=\/wp\/v2\/users\/34"}],"replies":[{"embeddable":true,"href":"https:\/\/archive.sana.sy\/es\/index.php?rest_route=%2Fwp%2Fv2%2Fcomments&post=119324"}],"version-history":[{"count":0,"href":"https:\/\/archive.sana.sy\/es\/index.php?rest_route=\/wp\/v2\/posts\/119324\/revisions"}],"wp:featuredmedia":[{"embeddable":true,"href":"https:\/\/archive.sana.sy\/es\/index.php?rest_route=\/wp\/v2\/media\/119327"}],"wp:attachment":[{"href":"https:\/\/archive.sana.sy\/es\/index.php?rest_route=%2Fwp%2Fv2%2Fmedia&parent=119324"}],"wp:term":[{"taxonomy":"category","embeddable":true,"href":"https:\/\/archive.sana.sy\/es\/index.php?rest_route=%2Fwp%2Fv2%2Fcategories&post=119324"},{"taxonomy":"post_tag","embeddable":true,"href":"https:\/\/archive.sana.sy\/es\/index.php?rest_route=%2Fwp%2Fv2%2Ftags&post=119324"}],"curies":[{"name":"wp","href":"https:\/\/api.w.org\/{rel}","templated":true}]}}