{"id":119380,"date":"2019-11-03T15:16:41","date_gmt":"2019-11-03T13:16:41","guid":{"rendered":"http:\/\/sana.sy\/es\/?p=119380"},"modified":"2019-11-03T19:16:55","modified_gmt":"2019-11-03T17:16:55","slug":"muere-en-agresion-turca-un-integrante-tailandes-de-la-mision-estadounidense-free-burma-rangers","status":"publish","type":"post","link":"https:\/\/archive.sana.sy\/es\/?p=119380","title":{"rendered":"Muere en agresi\u00f3n turca un integrante tailand\u00e9s de la misi\u00f3n estadounidense \u201cFree Burma Rangers\u201d"},"content":{"rendered":"<p style=\"text-align: justify;\"><span style=\"color: #800000;\"><strong>Hasakeh, SANA<\/strong><\/span><\/p>\n<p style=\"text-align: justify;\">Uno de los integrantes de la misi\u00f3n m\u00e9dica estadounidense \u201cFree Burma Rangers\u201d perdi\u00f3 la vida hoy en una agresi\u00f3n del r\u00e9gimen turco contra el territorio sirio.<\/p>\n<p style=\"text-align: justify;\">La v\u00edctima de nacionalidad tailandesa muri\u00f3 en un bombardeo turco contra el poblado de Rashidieh en el campo de la localidad de Tel Temer.<\/p>\n<p style=\"text-align: justify;\"><span style=\"color: #0000ff;\"><em>Noticia en desarrollo..\u00a0<\/em><\/span><\/p>\n<p style=\"text-align: justify;\"><strong><span style=\"color: #0000ff;\">F.M<\/span><\/strong><\/p>\n","protected":false},"excerpt":{"rendered":"<p>Hasakeh, SANA Uno de los integrantes de la misi\u00f3n m\u00e9dica estadounidense \u201cFree Burma Rangers\u201d perdi\u00f3 la vida hoy en una agresi\u00f3n del r\u00e9gimen turco contra el territorio sirio. La v\u00edctima de nacionalidad tailandesa muri\u00f3 en un bombardeo turco contra el poblado de Rashidieh en el campo de la localidad de Tel Temer. Noticia en desarrollo..\u00a0 &hellip;<\/p>\n","protected":false},"author":34,"featured_media":119382,"comment_status":"closed","ping_status":"closed","sticky":false,"template":"","format":"standard","meta":{"footnotes":""},"categories":[597,573,467,7541],"tags":[],"class_list":["post-119380","post","type-post","status-publish","format-standard","has-post-thumbnail","","category-cinta-de-noticias","category-la-realidad-de-los-acontecimientos-en-siria","category-siria-y-el-mundo","category-ultimas-noticias"],"_links":{"self":[{"href":"https:\/\/archive.sana.sy\/es\/index.php?rest_route=\/wp\/v2\/posts\/119380"}],"collection":[{"href":"https:\/\/archive.sana.sy\/es\/index.php?rest_route=\/wp\/v2\/posts"}],"about":[{"href":"https:\/\/archive.sana.sy\/es\/index.php?rest_route=\/wp\/v2\/types\/post"}],"author":[{"embeddable":true,"href":"https:\/\/archive.sana.sy\/es\/index.php?rest_route=\/wp\/v2\/users\/34"}],"replies":[{"embeddable":true,"href":"https:\/\/archive.sana.sy\/es\/index.php?rest_route=%2Fwp%2Fv2%2Fcomments&post=119380"}],"version-history":[{"count":0,"href":"https:\/\/archive.sana.sy\/es\/index.php?rest_route=\/wp\/v2\/posts\/119380\/revisions"}],"wp:featuredmedia":[{"embeddable":true,"href":"https:\/\/archive.sana.sy\/es\/index.php?rest_route=\/wp\/v2\/media\/119382"}],"wp:attachment":[{"href":"https:\/\/archive.sana.sy\/es\/index.php?rest_route=%2Fwp%2Fv2%2Fmedia&parent=119380"}],"wp:term":[{"taxonomy":"category","embeddable":true,"href":"https:\/\/archive.sana.sy\/es\/index.php?rest_route=%2Fwp%2Fv2%2Fcategories&post=119380"},{"taxonomy":"post_tag","embeddable":true,"href":"https:\/\/archive.sana.sy\/es\/index.php?rest_route=%2Fwp%2Fv2%2Ftags&post=119380"}],"curies":[{"name":"wp","href":"https:\/\/api.w.org\/{rel}","templated":true}]}}