{"id":119397,"date":"2019-11-03T16:36:13","date_gmt":"2019-11-03T14:36:13","guid":{"rendered":"http:\/\/sana.sy\/es\/?p=119397"},"modified":"2019-11-04T06:43:01","modified_gmt":"2019-11-04T04:43:01","slug":"mas-de-1000-familias-retornan-a-sus-hogares-en-dareya","status":"publish","type":"post","link":"https:\/\/archive.sana.sy\/es\/?p=119397","title":{"rendered":"M\u00e1s de mil familias retornan a sus hogares en Dareya, cerca de Damasco"},"content":{"rendered":"<p style=\"text-align: justify;\"><strong><span style=\"color: #800000;\">Damasco-campo, SANA<\/span><\/strong><\/p>\n<p style=\"text-align: justify;\">El n\u00famero de familias que regresaron a la ciudad de Dareya ascendi\u00f3 a mil.<\/p>\n<p style=\"text-align: justify;\">El alcalde de la ciudad declar\u00f3 que el n\u00famero de familias que retornan a la ciudad aumenta cada mes, y que la ciudad se est\u00e1 recuperando gradualmente.<\/p>\n<p style=\"text-align: justify;\">Destac\u00f3 los esfuerzos que se est\u00e1n llevando a cabo para restablecer los servicios b\u00e1sicos.<\/p>\n<p style=\"text-align: justify;\">M\u00e1s de 125 tiendas comerciales y artesanales reabrieron sus puertas en la ciudad hasta la fecha.<\/p>\n<p style=\"text-align: justify;\"><span style=\"color: #0000ff;\"><strong>Y.K\/F.M<\/strong><\/span><\/p>\n","protected":false},"excerpt":{"rendered":"<p>Damasco-campo, SANA El n\u00famero de familias que regresaron a la ciudad de Dareya ascendi\u00f3 a mil. El alcalde de la ciudad declar\u00f3 que el n\u00famero de familias que retornan a la ciudad aumenta cada mes, y que la ciudad se est\u00e1 recuperando gradualmente. Destac\u00f3 los esfuerzos que se est\u00e1n llevando a cabo para restablecer los &hellip;<\/p>\n","protected":false},"author":34,"featured_media":119398,"comment_status":"closed","ping_status":"closed","sticky":false,"template":"","format":"standard","meta":{"footnotes":""},"categories":[476,7541],"tags":[16927,16926],"class_list":["post-119397","post","type-post","status-publish","format-standard","has-post-thumbnail","","category-locales","category-ultimas-noticias","tag-cerca-de-damasco","tag-mas-de-mil-familias-retornan-a-sus-hogares-en-dareya"],"_links":{"self":[{"href":"https:\/\/archive.sana.sy\/es\/index.php?rest_route=\/wp\/v2\/posts\/119397"}],"collection":[{"href":"https:\/\/archive.sana.sy\/es\/index.php?rest_route=\/wp\/v2\/posts"}],"about":[{"href":"https:\/\/archive.sana.sy\/es\/index.php?rest_route=\/wp\/v2\/types\/post"}],"author":[{"embeddable":true,"href":"https:\/\/archive.sana.sy\/es\/index.php?rest_route=\/wp\/v2\/users\/34"}],"replies":[{"embeddable":true,"href":"https:\/\/archive.sana.sy\/es\/index.php?rest_route=%2Fwp%2Fv2%2Fcomments&post=119397"}],"version-history":[{"count":0,"href":"https:\/\/archive.sana.sy\/es\/index.php?rest_route=\/wp\/v2\/posts\/119397\/revisions"}],"wp:featuredmedia":[{"embeddable":true,"href":"https:\/\/archive.sana.sy\/es\/index.php?rest_route=\/wp\/v2\/media\/119398"}],"wp:attachment":[{"href":"https:\/\/archive.sana.sy\/es\/index.php?rest_route=%2Fwp%2Fv2%2Fmedia&parent=119397"}],"wp:term":[{"taxonomy":"category","embeddable":true,"href":"https:\/\/archive.sana.sy\/es\/index.php?rest_route=%2Fwp%2Fv2%2Fcategories&post=119397"},{"taxonomy":"post_tag","embeddable":true,"href":"https:\/\/archive.sana.sy\/es\/index.php?rest_route=%2Fwp%2Fv2%2Ftags&post=119397"}],"curies":[{"name":"wp","href":"https:\/\/api.w.org\/{rel}","templated":true}]}}