{"id":119445,"date":"2019-11-05T07:00:19","date_gmt":"2019-11-05T05:00:19","guid":{"rendered":"http:\/\/sana.sy\/es\/?p=119445"},"modified":"2019-11-05T07:08:47","modified_gmt":"2019-11-05T05:08:47","slug":"nuevos-refuerzos-del-ejercito-sirio-se-dirigen-desde-la-localidad-de-tel-temer-hacia-el-campo-nordeste-de-hasakeh-para-enfrentar-la-agresion-turca","status":"publish","type":"post","link":"https:\/\/archive.sana.sy\/es\/?p=119445","title":{"rendered":"Nuevos refuerzos con armas pesadas del ej\u00e9rcito hacia el campo nordeste de Hasakeh"},"content":{"rendered":"<p style=\"text-align: justify;\"><strong><span style=\"color: #800000;\">Hasakeh, SANA<\/span><\/strong><\/p>\n<p>Nuevo convoy militar del ej\u00e9rcito sirio se dirigi\u00f3 al campo noreste de la provincia de Hasakeh para reforzar las posiciones militares ya establecidas en esa regi\u00f3n y hacer frente a la agresi\u00f3n turca.<\/p>\n<p>Seg\u00fan report\u00f3 el corresponsal de SANA, un convoy de tanques, blindados y veh\u00edculos cargados con equipamiento b\u00e9lico y log\u00edstico procedente de Raqa, lleg\u00f3 y se despleg\u00f3 en el poblado de Um Harmaleh, al noreste del poblado de Tel Temer.<\/p>\n<p>El despliegue militar abarc\u00f3 tambi\u00e9n los poblados fronterizos que est\u00e1n ubicadas en el campo noreste de la provincia de Hasakeh.<\/p>\n<div id='gallery-1' class='gallery galleryid-119445 gallery-columns-1 gallery-size-full'><figure class='gallery-item'>\n\t\t\t<div class='gallery-icon landscape'>\n\t\t\t\t<a href='https:\/\/archive.sana.sy\/es\/wp-content\/uploads\/2019\/11\/photo_2019-11-04_15-28-16.jpg'><img loading=\"lazy\" decoding=\"async\" width=\"3543\" height=\"1993\" src=\"https:\/\/archive.sana.sy\/es\/wp-content\/uploads\/2019\/11\/photo_2019-11-04_15-28-16.jpg\" class=\"attachment-full size-full\" alt=\"\" srcset=\"https:\/\/archive.sana.sy\/es\/wp-content\/uploads\/2019\/11\/photo_2019-11-04_15-28-16.jpg 3543w, https:\/\/archive.sana.sy\/es\/wp-content\/uploads\/2019\/11\/photo_2019-11-04_15-28-16-150x84.jpg 150w, https:\/\/archive.sana.sy\/es\/wp-content\/uploads\/2019\/11\/photo_2019-11-04_15-28-16-300x169.jpg 300w, https:\/\/archive.sana.sy\/es\/wp-content\/uploads\/2019\/11\/photo_2019-11-04_15-28-16-768x432.jpg 768w, https:\/\/archive.sana.sy\/es\/wp-content\/uploads\/2019\/11\/photo_2019-11-04_15-28-16-1024x576.jpg 1024w\" sizes=\"(max-width: 3543px) 100vw, 3543px\" \/><\/a>\n\t\t\t<\/div><\/figure><figure class='gallery-item'>\n\t\t\t<div class='gallery-icon landscape'>\n\t\t\t\t<a href='https:\/\/archive.sana.sy\/es\/wp-content\/uploads\/2019\/11\/photo_2019-11-04_15-28-20.jpg'><img loading=\"lazy\" decoding=\"async\" width=\"3543\" height=\"1993\" src=\"https:\/\/archive.sana.sy\/es\/wp-content\/uploads\/2019\/11\/photo_2019-11-04_15-28-20.jpg\" class=\"attachment-full size-full\" alt=\"\" srcset=\"https:\/\/archive.sana.sy\/es\/wp-content\/uploads\/2019\/11\/photo_2019-11-04_15-28-20.jpg 3543w, https:\/\/archive.sana.sy\/es\/wp-content\/uploads\/2019\/11\/photo_2019-11-04_15-28-20-150x84.jpg 150w, https:\/\/archive.sana.sy\/es\/wp-content\/uploads\/2019\/11\/photo_2019-11-04_15-28-20-300x169.jpg 300w, https:\/\/archive.sana.sy\/es\/wp-content\/uploads\/2019\/11\/photo_2019-11-04_15-28-20-768x432.jpg 768w, https:\/\/archive.sana.sy\/es\/wp-content\/uploads\/2019\/11\/photo_2019-11-04_15-28-20-1024x576.jpg 1024w\" sizes=\"(max-width: 3543px) 100vw, 3543px\" \/><\/a>\n\t\t\t<\/div><\/figure><figure class='gallery-item'>\n\t\t\t<div class='gallery-icon landscape'>\n\t\t\t\t<a href='https:\/\/archive.sana.sy\/es\/wp-content\/uploads\/2019\/11\/photo_2019-11-04_15-28-21.jpg'><img loading=\"lazy\" decoding=\"async\" width=\"3543\" height=\"1993\" src=\"https:\/\/archive.sana.sy\/es\/wp-content\/uploads\/2019\/11\/photo_2019-11-04_15-28-21.jpg\" class=\"attachment-full size-full\" alt=\"\" srcset=\"https:\/\/archive.sana.sy\/es\/wp-content\/uploads\/2019\/11\/photo_2019-11-04_15-28-21.jpg 3543w, https:\/\/archive.sana.sy\/es\/wp-content\/uploads\/2019\/11\/photo_2019-11-04_15-28-21-150x84.jpg 150w, https:\/\/archive.sana.sy\/es\/wp-content\/uploads\/2019\/11\/photo_2019-11-04_15-28-21-300x169.jpg 300w, https:\/\/archive.sana.sy\/es\/wp-content\/uploads\/2019\/11\/photo_2019-11-04_15-28-21-768x432.jpg 768w, https:\/\/archive.sana.sy\/es\/wp-content\/uploads\/2019\/11\/photo_2019-11-04_15-28-21-1024x576.jpg 1024w\" sizes=\"(max-width: 3543px) 100vw, 3543px\" \/><\/a>\n\t\t\t<\/div><\/figure><figure class='gallery-item'>\n\t\t\t<div class='gallery-icon landscape'>\n\t\t\t\t<a href='https:\/\/archive.sana.sy\/es\/wp-content\/uploads\/2019\/11\/photo_2019-11-04_15-28-14.jpg'><img loading=\"lazy\" decoding=\"async\" width=\"3543\" height=\"1993\" src=\"https:\/\/archive.sana.sy\/es\/wp-content\/uploads\/2019\/11\/photo_2019-11-04_15-28-14.jpg\" class=\"attachment-full size-full\" alt=\"\" srcset=\"https:\/\/archive.sana.sy\/es\/wp-content\/uploads\/2019\/11\/photo_2019-11-04_15-28-14.jpg 3543w, https:\/\/archive.sana.sy\/es\/wp-content\/uploads\/2019\/11\/photo_2019-11-04_15-28-14-150x84.jpg 150w, https:\/\/archive.sana.sy\/es\/wp-content\/uploads\/2019\/11\/photo_2019-11-04_15-28-14-300x169.jpg 300w, https:\/\/archive.sana.sy\/es\/wp-content\/uploads\/2019\/11\/photo_2019-11-04_15-28-14-768x432.jpg 768w, https:\/\/archive.sana.sy\/es\/wp-content\/uploads\/2019\/11\/photo_2019-11-04_15-28-14-1024x576.jpg 1024w\" sizes=\"(max-width: 3543px) 100vw, 3543px\" \/><\/a>\n\t\t\t<\/div><\/figure><figure class='gallery-item'>\n\t\t\t<div class='gallery-icon landscape'>\n\t\t\t\t<a href='https:\/\/archive.sana.sy\/es\/wp-content\/uploads\/2019\/11\/photo_2019-11-04_15-28-12.jpg'><img loading=\"lazy\" decoding=\"async\" width=\"3543\" height=\"1993\" src=\"https:\/\/archive.sana.sy\/es\/wp-content\/uploads\/2019\/11\/photo_2019-11-04_15-28-12.jpg\" class=\"attachment-full size-full\" alt=\"\" srcset=\"https:\/\/archive.sana.sy\/es\/wp-content\/uploads\/2019\/11\/photo_2019-11-04_15-28-12.jpg 3543w, https:\/\/archive.sana.sy\/es\/wp-content\/uploads\/2019\/11\/photo_2019-11-04_15-28-12-150x84.jpg 150w, https:\/\/archive.sana.sy\/es\/wp-content\/uploads\/2019\/11\/photo_2019-11-04_15-28-12-300x169.jpg 300w, https:\/\/archive.sana.sy\/es\/wp-content\/uploads\/2019\/11\/photo_2019-11-04_15-28-12-768x432.jpg 768w, https:\/\/archive.sana.sy\/es\/wp-content\/uploads\/2019\/11\/photo_2019-11-04_15-28-12-1024x576.jpg 1024w\" sizes=\"(max-width: 3543px) 100vw, 3543px\" \/><\/a>\n\t\t\t<\/div><\/figure>\n\t\t<\/div>\n\n<p style=\"text-align: justify;\"><strong><span style=\"color: #0000ff;\">Y.K\/F.M<\/span><\/strong><\/p>\n","protected":false},"excerpt":{"rendered":"<p>Hasakeh, SANA Nuevo convoy militar del ej\u00e9rcito sirio se dirigi\u00f3 al campo noreste de la provincia de Hasakeh para reforzar las posiciones militares ya establecidas en esa regi\u00f3n y hacer frente a la agresi\u00f3n turca. Seg\u00fan report\u00f3 el corresponsal de SANA, un convoy de tanques, blindados y veh\u00edculos cargados con equipamiento b\u00e9lico y log\u00edstico procedente &hellip;<\/p>\n","protected":false},"author":34,"featured_media":119452,"comment_status":"closed","ping_status":"closed","sticky":false,"template":"","format":"standard","meta":{"footnotes":""},"categories":[597,573,476,7541,596],"tags":[],"class_list":["post-119445","post","type-post","status-publish","format-standard","has-post-thumbnail","","category-cinta-de-noticias","category-la-realidad-de-los-acontecimientos-en-siria","category-locales","category-ultimas-noticias","category-urgente"],"_links":{"self":[{"href":"https:\/\/archive.sana.sy\/es\/index.php?rest_route=\/wp\/v2\/posts\/119445"}],"collection":[{"href":"https:\/\/archive.sana.sy\/es\/index.php?rest_route=\/wp\/v2\/posts"}],"about":[{"href":"https:\/\/archive.sana.sy\/es\/index.php?rest_route=\/wp\/v2\/types\/post"}],"author":[{"embeddable":true,"href":"https:\/\/archive.sana.sy\/es\/index.php?rest_route=\/wp\/v2\/users\/34"}],"replies":[{"embeddable":true,"href":"https:\/\/archive.sana.sy\/es\/index.php?rest_route=%2Fwp%2Fv2%2Fcomments&post=119445"}],"version-history":[{"count":0,"href":"https:\/\/archive.sana.sy\/es\/index.php?rest_route=\/wp\/v2\/posts\/119445\/revisions"}],"wp:featuredmedia":[{"embeddable":true,"href":"https:\/\/archive.sana.sy\/es\/index.php?rest_route=\/wp\/v2\/media\/119452"}],"wp:attachment":[{"href":"https:\/\/archive.sana.sy\/es\/index.php?rest_route=%2Fwp%2Fv2%2Fmedia&parent=119445"}],"wp:term":[{"taxonomy":"category","embeddable":true,"href":"https:\/\/archive.sana.sy\/es\/index.php?rest_route=%2Fwp%2Fv2%2Fcategories&post=119445"},{"taxonomy":"post_tag","embeddable":true,"href":"https:\/\/archive.sana.sy\/es\/index.php?rest_route=%2Fwp%2Fv2%2Ftags&post=119445"}],"curies":[{"name":"wp","href":"https:\/\/api.w.org\/{rel}","templated":true}]}}