{"id":119510,"date":"2019-11-05T09:52:08","date_gmt":"2019-11-05T07:52:08","guid":{"rendered":"http:\/\/sana.sy\/es\/?p=119510"},"modified":"2019-11-05T10:46:50","modified_gmt":"2019-11-05T08:46:50","slug":"siria-participa-en-feria-internacional-de-la-habana-fihav-2019","status":"publish","type":"post","link":"https:\/\/archive.sana.sy\/es\/?p=119510","title":{"rendered":"Siria participa en Feria Internacional de La Habana (Fihav 2019)"},"content":{"rendered":"<p style=\"text-align: justify;\"><span lang=\"ES-TRAD\" style=\"color: #800000;\">Habana, SANA<\/span><\/p>\n<p style=\"text-align: justify;\"><span lang=\"ES-TRAD\">Con la participaci\u00f3n de la Rep\u00fablica \u00c1rabe Siria, fue inaugurada en la capital cubana la 37\u00aa edici\u00f3n de la Feria Internacional de la Habana (Fihav 2019).<\/span><\/p>\n<p style=\"text-align: justify;\"><span lang=\"ES-TRAD\">El ministro de Comercio Exterior e Inversi\u00f3n Extranjera de Cuba, Rodrigo Malmierca, visit\u00f3 la secci\u00f3n de siria en el evento y afirm\u00f3 la importancia de fortalecer las relaciones econ\u00f3micas entre los dos pa\u00edses.<\/span><\/p>\n<p style=\"text-align: justify;\"><span lang=\"ES-TRAD\">&#8220;Es importante elevar las relaciones a los niveles m\u00e1s altos y reforzar los contactos entre las c\u00e1maras de comercio y los empresarios sirios para examinar las posibilidades\u00a0\u00a0de cooperaci\u00f3n&#8221;, dijo Malmierca.<\/span><\/p>\n<p style=\"text-align: justify;\"><span lang=\"ES-TRAD\">El Titular cubano expres\u00f3 su admiraci\u00f3n por el pabell\u00f3n sirio y los productos exhibidos en el mismo.<\/span><\/p>\n<p style=\"text-align: justify;\"><span lang=\"ES-TRAD\">Por su parte, el embajador sirio en Cuba, Idris Mayya, manifest\u00f3 el inter\u00e9s de las autoridades sirias en participar en este importante evento teniendo en cuenta las profundas relaciones que unen los dos pueblos amigos.<\/span><\/p>\n<p style=\"text-align: justify;\"><span lang=\"ES-TRAD\">El pabell\u00f3n sirio fue visitado tambi\u00e9n por embajadores acreditados en Cuba, representantes de c\u00e1maras de comercio y de las empresas extranjeras participantes, adem\u00e1s de periodistas.<\/span><\/p>\n<div class=\"yj6qo ajU\" style=\"text-align: justify;\"><span style=\"color: #0000ff;\">E.D\/ F.M<\/span><\/div>\n<div>\n<div id='gallery-1' class='gallery galleryid-119510 gallery-columns-1 gallery-size-full'><figure class='gallery-item'>\n\t\t\t<div class='gallery-icon landscape'>\n\t\t\t\t<a href='https:\/\/archive.sana.sy\/es\/wp-content\/uploads\/2019\/11\/1111-1.jpg'><img loading=\"lazy\" decoding=\"async\" width=\"660\" height=\"361\" src=\"https:\/\/archive.sana.sy\/es\/wp-content\/uploads\/2019\/11\/1111-1.jpg\" class=\"attachment-full size-full\" alt=\"\" srcset=\"https:\/\/archive.sana.sy\/es\/wp-content\/uploads\/2019\/11\/1111-1.jpg 660w, https:\/\/archive.sana.sy\/es\/wp-content\/uploads\/2019\/11\/1111-1-150x82.jpg 150w, https:\/\/archive.sana.sy\/es\/wp-content\/uploads\/2019\/11\/1111-1-300x164.jpg 300w\" sizes=\"(max-width: 660px) 100vw, 660px\" \/><\/a>\n\t\t\t<\/div><\/figure><figure class='gallery-item'>\n\t\t\t<div class='gallery-icon landscape'>\n\t\t\t\t<a href='https:\/\/archive.sana.sy\/es\/wp-content\/uploads\/2019\/11\/2222.jpg'><img loading=\"lazy\" decoding=\"async\" width=\"660\" height=\"349\" src=\"https:\/\/archive.sana.sy\/es\/wp-content\/uploads\/2019\/11\/2222.jpg\" class=\"attachment-full size-full\" alt=\"\" srcset=\"https:\/\/archive.sana.sy\/es\/wp-content\/uploads\/2019\/11\/2222.jpg 660w, https:\/\/archive.sana.sy\/es\/wp-content\/uploads\/2019\/11\/2222-150x79.jpg 150w, https:\/\/archive.sana.sy\/es\/wp-content\/uploads\/2019\/11\/2222-300x159.jpg 300w, https:\/\/archive.sana.sy\/es\/wp-content\/uploads\/2019\/11\/2222-310x165.jpg 310w\" sizes=\"(max-width: 660px) 100vw, 660px\" \/><\/a>\n\t\t\t<\/div><\/figure>\n\t\t<\/div>\n\n<\/div>\n","protected":false},"excerpt":{"rendered":"<p>Habana, SANA Con la participaci\u00f3n de la Rep\u00fablica \u00c1rabe Siria, fue inaugurada en la capital cubana la 37\u00aa edici\u00f3n de la Feria Internacional de la Habana (Fihav 2019). El ministro de Comercio Exterior e Inversi\u00f3n Extranjera de Cuba, Rodrigo Malmierca, visit\u00f3 la secci\u00f3n de siria en el evento y afirm\u00f3 la importancia de fortalecer las &hellip;<\/p>\n","protected":false},"author":32,"featured_media":119511,"comment_status":"closed","ping_status":"closed","sticky":false,"template":"","format":"standard","meta":{"footnotes":""},"categories":[597,467,7541],"tags":[16935],"class_list":["post-119510","post","type-post","status-publish","format-standard","has-post-thumbnail","","category-cinta-de-noticias","category-siria-y-el-mundo","category-ultimas-noticias","tag-siria-participa-en-feria-internacional-de-la-habana-fihav-2019"],"_links":{"self":[{"href":"https:\/\/archive.sana.sy\/es\/index.php?rest_route=\/wp\/v2\/posts\/119510"}],"collection":[{"href":"https:\/\/archive.sana.sy\/es\/index.php?rest_route=\/wp\/v2\/posts"}],"about":[{"href":"https:\/\/archive.sana.sy\/es\/index.php?rest_route=\/wp\/v2\/types\/post"}],"author":[{"embeddable":true,"href":"https:\/\/archive.sana.sy\/es\/index.php?rest_route=\/wp\/v2\/users\/32"}],"replies":[{"embeddable":true,"href":"https:\/\/archive.sana.sy\/es\/index.php?rest_route=%2Fwp%2Fv2%2Fcomments&post=119510"}],"version-history":[{"count":0,"href":"https:\/\/archive.sana.sy\/es\/index.php?rest_route=\/wp\/v2\/posts\/119510\/revisions"}],"wp:featuredmedia":[{"embeddable":true,"href":"https:\/\/archive.sana.sy\/es\/index.php?rest_route=\/wp\/v2\/media\/119511"}],"wp:attachment":[{"href":"https:\/\/archive.sana.sy\/es\/index.php?rest_route=%2Fwp%2Fv2%2Fmedia&parent=119510"}],"wp:term":[{"taxonomy":"category","embeddable":true,"href":"https:\/\/archive.sana.sy\/es\/index.php?rest_route=%2Fwp%2Fv2%2Fcategories&post=119510"},{"taxonomy":"post_tag","embeddable":true,"href":"https:\/\/archive.sana.sy\/es\/index.php?rest_route=%2Fwp%2Fv2%2Ftags&post=119510"}],"curies":[{"name":"wp","href":"https:\/\/api.w.org\/{rel}","templated":true}]}}