{"id":119736,"date":"2019-11-06T15:10:00","date_gmt":"2019-11-06T13:10:00","guid":{"rendered":"http:\/\/sana.sy\/es\/?p=119736"},"modified":"2023-01-10T15:15:36","modified_gmt":"2023-01-10T13:15:36","slug":"siria-se-recupera-economicamente-y-en-otros-sectores-de-la-guerra-terrorista-impuesta","status":"publish","type":"post","link":"https:\/\/archive.sana.sy\/es\/?p=119736","title":{"rendered":"Varios sectores de la econom\u00eda siria se recuperan de la guerra terrorista impuesta"},"content":{"rendered":"<p style=\"text-align: justify;\"><strong><span style=\"color: #800000;\">Damasco, SANA<\/span><\/strong><\/p>\n<p style=\"text-align: justify;\">La semana reci\u00e9n concluida presenci\u00f3 importantes pasos hacia la recuperaci\u00f3n econ\u00f3mica de la guerra impuesta. A continuaci\u00f3n, les ofrecemos un resumen de las noticias m\u00e1s importantes al respecto:<\/p>\n<p style=\"text-align: justify;\"><span style=\"color: #0000ff;\"><strong>Valor de exportaciones sirias asciende a 100 millones de USD en nueve meses<\/strong><\/span><\/p>\n<p style=\"text-align: justify;\">A pesar de las medidas econ\u00f3micas coercitivas impuestas contra Siria, los productos agr\u00edcolas sirios siguen llegando a los mercados mundiales m\u00e1s importantes.<\/p>\n<p style=\"text-align: justify;\">Las frutas sirias son muy competitivas en precio y calidad en los mercados de los pa\u00edses del Golfo Ar\u00e1bigo, Rusia, Egipto y Jordania, mientras el aceite de oliva entr\u00f3 a los mercados de Europa y Las Am\u00e9ricas.<\/p>\n<p style=\"text-align: justify;\">Omar shalet, Presidente de la C\u00e1mara de Agricultura de Damasco, destac\u00f3 la importancia de lanzar el programa de calidad de los productos agr\u00edcolas que toma en cuenta las normas concebidas por las empresas internacionales especializadas en el campo de calidad, comercializaci\u00f3n y exportaci\u00f3n del producto.<\/p>\n<p style=\"text-align: justify;\">Revel\u00f3 que el valor de las exportaciones durante los primeros nueve meses de este a\u00f1o ascendi\u00f3 a 99 millones y 809 mil USD y 100 mil euros, adem\u00e1s de exportaciones por valor de seis millones de libras (equivalente a casi seis millones de d\u00f3lares).<\/p>\n<p style=\"text-align: justify;\">Las exportaciones incluyeron principalmente aceite de oliva, cerezas, manzanas, granadas, tomates, c\u00edtricos y plantas medicinales y arom\u00e1ticas.<\/p>\n<p style=\"text-align: justify;\"><strong><span style=\"color: #0000ff;\">En un signo de recuperaci\u00f3n, Palmira sigue recibiendo a turistas de diferentes pa\u00edses<\/span><\/strong><\/p>\n<p style=\"text-align: justify;\">Un grupo de turistas de la Federaci\u00f3n Rusa visit\u00f3 la hist\u00f3rica ciudad de Palmira, y recorri\u00f3 sus diferentes monumentos arqueol\u00f3gicos.<\/p>\n<p style=\"text-align: justify;\">Los integrantes del grupo observaron la destrucci\u00f3n que sufrieron los monumentos m\u00e1s importantes de la ciudad a causa de los ataques de la organizaci\u00f3n terrorista del Daesh antes de su derrota a manos del ej\u00e9rcito \u00e1rabe sirio.<\/p>\n<p style=\"text-align: justify;\">\u201cDesafortunadamente, no tuve la oportunidad de ver la antigua ciudad de Palmira antes de que fuera destruida por los terroristas que llevaron a cabo estos cr\u00edmenes como evidencia adicional de que no tienen nada que ver con la humanidad\u201d, dijo Vladimir Rajil, el jefe del grupo a SANA, y expres\u00f3 su felicidad por ver que los ciudadanos regresando a Palmira y que la actividad tur\u00edstica est\u00e1 volviendo a florecer en la misma.<\/p>\n<p style=\"text-align: justify;\">Galina Zetseva, cr\u00edtica de teatro y cine, expres\u00f3 su profundo pesar por las acciones de los enemigos de la cultura y la humanidad en esta ciudad inscrita en la Lista del Patrimonio Mundial, y enfatiz\u00f3 que este acto criminal es vergonzoso, horrible para toda la humanidad.<\/p>\n<p style=\"text-align: justify;\">El grupo tur\u00edstico incluye varios artistas pl\u00e1sticos, cr\u00edticos de teatro y cine, representantes de agencias de viajes y economistas.<\/p>\n<p style=\"text-align: justify;\">Desde su liberaci\u00f3n del terrorismo del Daesh en el a\u00f1o 2017, Palmira recibi\u00f3 a turistas de EE.UU, Francia, Espa\u00f1a, Canad\u00e1, Brasil y de otras naciones, en una se\u00f1al de la recuperaci\u00f3n del turismo en esta ciudad considerada como la perla del desierto sirio.<\/p>\n<p style=\"text-align: justify;\">Palmira es una de las ciudades m\u00e1s antiguas del mundo y est\u00e1 inscrita desde 1980 en la lista de la Organizaci\u00f3n de las Naciones Unidas para la Educaci\u00f3n, la Ciencia y la Cultura (UNESCO).<\/p>\n<p style=\"text-align: justify;\"><strong><span style=\"color: #0000ff;\">Plantean 60 proyectos tur\u00edsticos en el Foro de Inversi\u00f3n en Tartous<\/span><\/strong><\/p>\n<p style=\"text-align: justify;\">Comenzaron hoy las actividades del Foro de Inversi\u00f3n Tur\u00edstica que organiza el Ministerio de Turismo con la participaci\u00f3n de varias empresas, empresarios e inversores sirios y extranjeros.<\/p>\n<p style=\"text-align: justify;\">Durante la apertura, se present\u00f3 una pel\u00edcula promocional sobre los proyectos tur\u00edsticos y los sitios arqueol\u00f3gicos en Siria, y las medidas tomadas por el Ministerio de Turismo para desarrollar el turismo y la inversi\u00f3n tur\u00edstica y superar las medidas econ\u00f3micas unilaterales impuestas al pueblo sirio.<\/p>\n<p style=\"text-align: justify;\">Los proyectos de inversi\u00f3n presentados en el Foro abarcan 40 proyectos para el sector p\u00fablico y 20 para el privado, e incluyen hoteles, centros comerciales y restaurantes.<\/p>\n<p style=\"text-align: justify;\">Previo a la apertura del foro, los ministros de Transporte y Turismo, acompa\u00f1ados por un grupo de empresarios, efectuaron una gira por varios sitios tur\u00edsticos planteados a la inversi\u00f3n, como la villa tur\u00edstica Al-Manara y el sitio del hotel Asas que consta de 16 pisos, y el hotel Sheraton de Tartous de 17 pisos.<\/p>\n<p style=\"text-align: justify;\"><span style=\"color: #0000ff;\"><strong>Rehabilitaci\u00f3n de los aeropuertos de Damasco y Alepo est\u00e1 en planes del Ministerio de Transporte para 2020<\/strong><\/span><\/p>\n<p style=\"text-align: justify;\">La Comisi\u00f3n de Presupuesto y Cuentas en la Asamblea del Pueblo (parlamento) debati\u00f3 el presupuesto de inversi\u00f3n del Ministerio de Transporte y sus empresas para el a\u00f1o 2020.<\/p>\n<p style=\"text-align: justify;\">El presupuesto se estima en 42 mil 680 millones de libras sirias (Equivalente a alrededor de 90 millones de d\u00f3lares).<\/p>\n<p style=\"text-align: justify;\">Los diputados cuestionaron en sus intervenciones los planes del ministerio en el campo del transporte a\u00e9reo, ferroviario, mar\u00edtimo y de carreteras.<\/p>\n<p style=\"text-align: justify;\">En respuesta a las intervenciones de los diputados, el ministro de Transporte, Ali Hammoud, habl\u00f3 de los planes del ministerio para adquirir dos aviones para la Aerol\u00ednea \u00c1rabe Siria y la rehabilitaci\u00f3n de los aeropuertos internacionales de Damasco y Alepo.<\/p>\n<p style=\"text-align: justify;\">Asegur\u00f3 que se est\u00e1 trabajando para el mantenimiento y rehabilitaci\u00f3n de la infraestructura da\u00f1ada por el terrorismo de acuerdo a las prioridades.<\/p>\n<p style=\"text-align: justify;\">El titular sirio revel\u00f3 adem\u00e1s, que actualmente se est\u00e1 trabajando para rehabilitar la l\u00ednea de ferrocarril entre Damasco y Alepo la cual se completar\u00e1 a finales de este a\u00f1o.<\/p>\n<p style=\"text-align: justify;\"><strong><span style=\"color: #0000ff;\">M\u00e1s de mil familias retornan a sus hogares en Dareya, cerca de Damasco<\/span><\/strong><\/p>\n<p style=\"text-align: justify;\">El n\u00famero de familias que regresaron a la ciudad de Dareya ascendi\u00f3 a mil.<\/p>\n<p style=\"text-align: justify;\">El alcalde de la ciudad declar\u00f3 que el n\u00famero de familias que retornan a la ciudad aumenta cada mes, y que la ciudad se est\u00e1 recuperando gradualmente.<\/p>\n<p style=\"text-align: justify;\">Destac\u00f3 los esfuerzos que se est\u00e1n llevando a cabo para restablecer los servicios b\u00e1sicos.<\/p>\n<p style=\"text-align: justify;\">M\u00e1s de 125 tiendas comerciales y artesanales reabrieron sus puertas en la ciudad hasta la fecha.<\/p>\n<p style=\"text-align: justify;\"><strong><span style=\"color: #0000ff;\">Siria e Ir\u00e1n afianzan sus relaciones en el campo de la energ\u00eda el\u00e9ctrica<\/span><\/strong><\/p>\n<p style=\"text-align: justify;\">Siria e Ir\u00e1n firmaron en Teher\u00e1n, un memorando de entendimiento para desarrollar el sistema el\u00e9ctrico, lograr la autodependencia, y asentar la tecnolog\u00eda y fabricaci\u00f3n de equipos el\u00e9ctricos en Siria.<\/p>\n<p style=\"text-align: justify;\">El acuerdo incluye tambi\u00e9n la construcci\u00f3n de plantas de energ\u00eda el\u00e9ctrica y redes de transmisi\u00f3n y distribuci\u00f3n, y trabajar para reconstruir y reducir los da\u00f1os en la red el\u00e9ctrica.<\/p>\n<p style=\"text-align: justify;\">La nota rubricada estipul\u00f3 tambi\u00e9n establecer un enlace el\u00e9ctrico entre Siria, Ir\u00e1n e Irak a trav\u00e9s de un esfuerzo conjunto para hacer los estudios y los preparativos t\u00e9cnicos necesarios.<\/p>\n<p style=\"text-align: justify;\">La inversi\u00f3n conjunta, el intercambio de informaci\u00f3n t\u00e9cnica para la construcci\u00f3n de diferentes tipos de centrales el\u00e9ctricas y de energ\u00edas renovables, as\u00ed como la reconstrucci\u00f3n, rehabilitaci\u00f3n y mejora de las centrales el\u00e9ctricas, fueron incluidos tambi\u00e9n en el texto del memorando de entendimiento.<\/p>\n<p style=\"text-align: justify;\">Seg\u00fan la nota, habr\u00e1 cooperaci\u00f3n en la reparaci\u00f3n de transformadores el\u00e9ctricos, la producci\u00f3n de productos y dispositivos el\u00e9ctricos, y se dar\u00e1 prioridad para la producci\u00f3n de equipos inteligentes, transformadores y cables.<\/p>\n<p style=\"text-align: justify;\">El acuerdo fue firmado por el ministro sirio de Electricidad, Mohammad Zuhair Kharbotli, y el Ministro iran\u00ed de Energ\u00eda, Reza Ardakanian.<\/p>\n<p style=\"text-align: justify;\">Ambos titulares destacaron en declaraciones a la prensa despu\u00e9s de la r\u00fabrica del memorando de entendimiento, la importancia de implementarlo lo antes posible y trabajar para restablecer el sistema el\u00e9ctrico en Siria a lo que era antes de la crisis.<\/p>\n<p style=\"text-align: justify;\"><span style=\"color: #0000ff;\"><strong>Siria e Ir\u00e1n acuerdan potenciar las relaciones en materia energ\u00e9tica<\/strong><\/span><\/p>\n<p style=\"text-align: justify;\">El ministro de Energ\u00eda El\u00e9ctrica, Mohamad Zuheir Kharbutli, se reuni\u00f3 hoy en Teher\u00e1n, con Hasan Danai, primer asesor del presidente iran\u00ed, y jefe del Comit\u00e9 para Desarrollo de Relaciones Econ\u00f3micas entre Siria, Ir\u00e1n e Irak.<\/p>\n<p style=\"text-align: justify;\">Ambas parte abordaron la cooperaci\u00f3n bilateral en materia energ\u00e9tica y los proyectos iran\u00edes que se est\u00e1n ejecutando en Siria.<\/p>\n<p style=\"text-align: justify;\">Durante la reuni\u00f3n, Kharbutli destac\u00f3 la importancia de establecer una red el\u00e9ctrica entre Ir\u00e1n, Irak y Siria, lo cual traer\u00eda beneficios a los tres pa\u00edses, as\u00ed como aludi\u00f3 a la necesidad de crear compa\u00f1\u00edas conjuntas en materia de industria el\u00e9ctrica a fin de responder a las necesidades del mercado sirio.<\/p>\n<p style=\"text-align: justify;\">El titular de Electricidad sirio record\u00f3 la necesidad de agilizar la implementaci\u00f3n de los proyectos estrat\u00e9gicos conjuntos, sobre todo la central el\u00e9ctrica de Latakia, y los grupos generadores I y II de la termoel\u00e9ctrica de Alepo.<\/p>\n<p style=\"text-align: justify;\">Por su parte, el alto funcionario iran\u00ed reiter\u00f3 la disposici\u00f3n de emplear la experiencia de su pa\u00eds en el campo energ\u00e9tico para potenciar el sector de electricidad en Siria.<\/p>\n<p style=\"text-align: justify;\"><strong><span style=\"color: #0000ff;\">La MLRAS distribuye art\u00edculos de ayuda en los campamentos de Arishah y Tel Temer<\/span><\/strong><\/p>\n<p style=\"text-align: justify;\">La sucursal de la Media Luna Roja \u00c1rabe Siria (MLRAS) en la provincia nororiental de Hasakeh continu\u00f3 su distribuci\u00f3n de art\u00edculos de ayuda a las familias que reci\u00e9n llegaron al campamento de Arishah procedentes de los campamentos de Mabroukeh y Ain Isa.<\/p>\n<p style=\"text-align: justify;\">La sucursal inform\u00f3 en un comunicado que sus equipos distribuyeron tres mil 800 canastas de alimentos y seis mil 940 piezas de ropas de invierno.<\/p>\n<p style=\"text-align: justify;\">La ayuda a las familias este campamento es proporcionada por la Federaci\u00f3n Internacional de Sociedades de la Cruz Roja y de la Media Luna Roja.<\/p>\n<p style=\"text-align: justify;\">Los voluntarios tambi\u00e9n distribuyeron 500 canastas de alimentos ofrecidas por el Programa Mundial de Alimentos, para los llegados a Tel Temer.<\/p>\n<p style=\"text-align: justify;\">Un creciente n\u00famero de desplazados est\u00e1 llegando a los campamentos como resultado de la agresi\u00f3n turca contra Hasakeh y Raqqa.<\/p>\n<p style=\"text-align: justify;\"><strong><span style=\"color: #0000ff;\">Colectivo de redactores del sitio SANA en espa\u00f1ol<\/span><\/strong><\/p>\n","protected":false},"excerpt":{"rendered":"<p>Damasco, SANA La semana reci\u00e9n concluida presenci\u00f3 importantes pasos hacia la recuperaci\u00f3n econ\u00f3mica de la guerra impuesta. A continuaci\u00f3n, les ofrecemos un resumen de las noticias m\u00e1s importantes al respecto: Valor de exportaciones sirias asciende a 100 millones de USD en nueve meses A pesar de las medidas econ\u00f3micas coercitivas impuestas contra Siria, los productos &hellip;<\/p>\n","protected":false},"author":34,"featured_media":119303,"comment_status":"closed","ping_status":"closed","sticky":false,"template":"","format":"standard","meta":{"footnotes":""},"categories":[597,16686,485,7541],"tags":[],"class_list":["post-119736","post","type-post","status-publish","format-standard","has-post-thumbnail","","category-cinta-de-noticias","category-economia","category-informes-negocios-y-finanzas","category-ultimas-noticias"],"_links":{"self":[{"href":"https:\/\/archive.sana.sy\/es\/index.php?rest_route=\/wp\/v2\/posts\/119736"}],"collection":[{"href":"https:\/\/archive.sana.sy\/es\/index.php?rest_route=\/wp\/v2\/posts"}],"about":[{"href":"https:\/\/archive.sana.sy\/es\/index.php?rest_route=\/wp\/v2\/types\/post"}],"author":[{"embeddable":true,"href":"https:\/\/archive.sana.sy\/es\/index.php?rest_route=\/wp\/v2\/users\/34"}],"replies":[{"embeddable":true,"href":"https:\/\/archive.sana.sy\/es\/index.php?rest_route=%2Fwp%2Fv2%2Fcomments&post=119736"}],"version-history":[{"count":0,"href":"https:\/\/archive.sana.sy\/es\/index.php?rest_route=\/wp\/v2\/posts\/119736\/revisions"}],"wp:featuredmedia":[{"embeddable":true,"href":"https:\/\/archive.sana.sy\/es\/index.php?rest_route=\/wp\/v2\/media\/119303"}],"wp:attachment":[{"href":"https:\/\/archive.sana.sy\/es\/index.php?rest_route=%2Fwp%2Fv2%2Fmedia&parent=119736"}],"wp:term":[{"taxonomy":"category","embeddable":true,"href":"https:\/\/archive.sana.sy\/es\/index.php?rest_route=%2Fwp%2Fv2%2Fcategories&post=119736"},{"taxonomy":"post_tag","embeddable":true,"href":"https:\/\/archive.sana.sy\/es\/index.php?rest_route=%2Fwp%2Fv2%2Ftags&post=119736"}],"curies":[{"name":"wp","href":"https:\/\/api.w.org\/{rel}","templated":true}]}}