{"id":119769,"date":"2019-11-06T18:47:30","date_gmt":"2019-11-06T16:47:30","guid":{"rendered":"http:\/\/sana.sy\/es\/?p=119769"},"modified":"2019-11-06T18:47:30","modified_gmt":"2019-11-06T16:47:30","slug":"universidad-de-damasco-examina-vias-de-cooperacion-con-universidades-de-eslovaquia-y-kazajistan","status":"publish","type":"post","link":"https:\/\/archive.sana.sy\/es\/?p=119769","title":{"rendered":"Universidad de Damasco examina v\u00edas de cooperaci\u00f3n con universidades de Eslovaquia y Kazajist\u00e1n"},"content":{"rendered":"<p style=\"text-align: justify\">Damasco, SANA<\/p>\n<p style=\"text-align: justify\">El rector de la Universidad de Damasco, Mohamad Maher Qabakibi, recibi\u00f3 este mi\u00e9rcoles al rector de la Universidad de Econom\u00eda de Bratislava en Eslovaquia, donde ambas partes abordaron las v\u00edas de impulsar las relaciones binacionales en materia acad\u00e9mica y cient\u00edfica.<\/p>\n<p><img loading=\"lazy\" decoding=\"async\" class=\"size-medium wp-image-119771 alignleft\" src=\"http:\/\/sana.sy\/es\/wp-content\/uploads\/2019\/11\/\u0633\u0644\u0648\u0641\u0627\u0643\u064a\u0627-300x176.jpg\" alt=\"\" width=\"300\" height=\"176\" srcset=\"https:\/\/archive.sana.sy\/es\/wp-content\/uploads\/2019\/11\/\u0633\u0644\u0648\u0641\u0627\u0643\u064a\u0627-300x176.jpg 300w, https:\/\/archive.sana.sy\/es\/wp-content\/uploads\/2019\/11\/\u0633\u0644\u0648\u0641\u0627\u0643\u064a\u0627-150x88.jpg 150w, https:\/\/archive.sana.sy\/es\/wp-content\/uploads\/2019\/11\/\u0633\u0644\u0648\u0641\u0627\u0643\u064a\u0627-768x450.jpg 768w, https:\/\/archive.sana.sy\/es\/wp-content\/uploads\/2019\/11\/\u0633\u0644\u0648\u0641\u0627\u0643\u064a\u0627-1024x601.jpg 1024w\" sizes=\"(max-width: 300px) 100vw, 300px\" \/><\/p>\n<p style=\"text-align: justify\">Siria y Eslovaquia acordaron reactivar los acuerdos anteriores y preparar para la firma de nuevos acuerdos en las \u00e1reas de econom\u00eda, comercializaci\u00f3n, e-comercio, la administraci\u00f3n, el intercambio de estudiantes y profesores, y la realizaci\u00f3n de investigaciones cient\u00edficas conjuntas.<\/p>\n<p style=\"text-align: justify\">Qabakibi se reuni\u00f3 tambi\u00e9n con el embajador itinerante de Kazajist\u00e1n, Khairat Lama Sharif, y debati\u00f3 con el mismo los preparativos del evento cultural que se celebrar\u00e1 el pr\u00f3ximo mes de enero en la Universidad de Damasco con motivo del 1150 aniversario del nacimiento del cient\u00edfico Abu Nasr Muhammad Al-Farabi y de la reapertura del Centro Cultural de al-Farabi instalado cerca del santuario de este importante cient\u00edfico y fil\u00f3sofo en el casco antiguo de Damasco.<\/p>\n<p style=\"text-align: justify\">Las dos partes abordaron tambi\u00e9n la r\u00fabrica del memor\u00e1ndum acordado en el pasado mes de septiembre entre la Universidad de Damasco y la Universidad kazaja de al-Farabi sobre la cooperaci\u00f3n en el campo del intercambio estudiantil y de experiencias, donde la universidad siria se compromete con brindar su apoyo a las investigaciones y estudios relacionados con el idioma \u00e1rabe y los asuntos isl\u00e1micos e hist\u00f3ricos, especialmente en lo que se refiere a la vida de al-Farabi y su legado filos\u00f3ficos y cient\u00edficos.<\/p>\n<p style=\"text-align: justify\">\nL.A.<\/p>\n","protected":false},"excerpt":{"rendered":"<p>Damasco, SANA El rector de la Universidad de Damasco, Mohamad Maher Qabakibi, recibi\u00f3 este mi\u00e9rcoles al rector de la Universidad de Econom\u00eda de Bratislava en Eslovaquia, donde ambas partes abordaron las v\u00edas de impulsar las relaciones binacionales en materia acad\u00e9mica y cient\u00edfica. Siria y Eslovaquia acordaron reactivar los acuerdos anteriores y preparar para la firma &hellip;<\/p>\n","protected":false},"author":24,"featured_media":119770,"comment_status":"closed","ping_status":"closed","sticky":false,"template":"","format":"standard","meta":{"footnotes":""},"categories":[597,476],"tags":[],"class_list":["post-119769","post","type-post","status-publish","format-standard","has-post-thumbnail","","category-cinta-de-noticias","category-locales"],"_links":{"self":[{"href":"https:\/\/archive.sana.sy\/es\/index.php?rest_route=\/wp\/v2\/posts\/119769"}],"collection":[{"href":"https:\/\/archive.sana.sy\/es\/index.php?rest_route=\/wp\/v2\/posts"}],"about":[{"href":"https:\/\/archive.sana.sy\/es\/index.php?rest_route=\/wp\/v2\/types\/post"}],"author":[{"embeddable":true,"href":"https:\/\/archive.sana.sy\/es\/index.php?rest_route=\/wp\/v2\/users\/24"}],"replies":[{"embeddable":true,"href":"https:\/\/archive.sana.sy\/es\/index.php?rest_route=%2Fwp%2Fv2%2Fcomments&post=119769"}],"version-history":[{"count":0,"href":"https:\/\/archive.sana.sy\/es\/index.php?rest_route=\/wp\/v2\/posts\/119769\/revisions"}],"wp:featuredmedia":[{"embeddable":true,"href":"https:\/\/archive.sana.sy\/es\/index.php?rest_route=\/wp\/v2\/media\/119770"}],"wp:attachment":[{"href":"https:\/\/archive.sana.sy\/es\/index.php?rest_route=%2Fwp%2Fv2%2Fmedia&parent=119769"}],"wp:term":[{"taxonomy":"category","embeddable":true,"href":"https:\/\/archive.sana.sy\/es\/index.php?rest_route=%2Fwp%2Fv2%2Fcategories&post=119769"},{"taxonomy":"post_tag","embeddable":true,"href":"https:\/\/archive.sana.sy\/es\/index.php?rest_route=%2Fwp%2Fv2%2Ftags&post=119769"}],"curies":[{"name":"wp","href":"https:\/\/api.w.org\/{rel}","templated":true}]}}