{"id":119845,"date":"2019-11-07T18:08:56","date_gmt":"2019-11-07T16:08:56","guid":{"rendered":"http:\/\/sana.sy\/es\/?p=119845"},"modified":"2019-11-07T22:10:38","modified_gmt":"2019-11-07T20:10:38","slug":"subcomite-de-discusion-de-la-constitucion-continua-sus-reuniones-en-ginebra-2","status":"publish","type":"post","link":"https:\/\/archive.sana.sy\/es\/?p=119845","title":{"rendered":"Contin\u00faan reuniones del Subcomit\u00e9 de Discusi\u00f3n de la Constituci\u00f3n en Ginebra"},"content":{"rendered":"<p style=\"text-align: justify\"><span style=\"color: #800000\">Ginebra, SANA<\/span><\/p>\n<p style=\"text-align: justify\">El Subcomit\u00e9 de Discusi\u00f3n de la Constituci\u00f3n contin\u00faa por cuarto d\u00eda consecutivo sus reuniones en la sede de las Naciones Unidas en Ginebra.<\/p>\n<p style=\"text-align: justify\">Seg\u00fan report\u00f3 el corresponsal de SANA, el subcomit\u00e9 celebr\u00f3 dos sesiones y ambas no contaron con cobertura de los medios de prensa.<\/p>\n<p style=\"text-align: justify\">En una declaraci\u00f3n a SANA despu\u00e9s del t\u00e9rmino de la sesi\u00f3n matutina, Mohammad Khair al-Akam, miembro de la delegaci\u00f3n respaldada por el gobierno sirio, explic\u00f3 que se abord\u00f3 el tema del Arabismo y sus ra\u00edces profundas c\u00edvicas y elevar el tema de la lucha contra el terrorismo al rango constitucional.<\/p>\n<p style=\"text-align: justify\">Al-Akkam se\u00f1al\u00f3 que los debates se centraron adem\u00e1s sobre la neutralidad del Estado hacia las religiones y el respeto a la libertad de creencias, y que en la Constituci\u00f3n hay normas que enfatizan el estado de derecho y el cuestionamiento.<\/p>\n<p style=\"text-align: justify\">&#8220;Vinimos aqu\u00ed para fortalecer los puntos positivos en la constituci\u00f3n y las normas existentes en el mismo\u201d, indic\u00f3.<\/p>\n<p style=\"text-align: justify\">A su vez, Nizar Skaif, miembro de la delegaci\u00f3n apoyada por el gobierno sirio, dijo en una declaraci\u00f3n similar que los debates de la reuni\u00f3n de hoy fueron una continuaci\u00f3n de lo planteado de ideas y propuestas y separar entre lo pol\u00edtico y lo constitucional.<\/p>\n<p style=\"text-align: justify\">El Subcomit\u00e9 est\u00e1 formado por 45 miembros (15 representan al gobierno sirio, 15 a los otros partidos y 15 representan la sociedad civil.<\/p>\n<p style=\"text-align: justify\"><span style=\"color: #0000ff\">F.M\/ E.D<\/span><\/p>\n","protected":false},"excerpt":{"rendered":"<p>Ginebra, SANA El Subcomit\u00e9 de Discusi\u00f3n de la Constituci\u00f3n contin\u00faa por cuarto d\u00eda consecutivo sus reuniones en la sede de las Naciones Unidas en Ginebra. Seg\u00fan report\u00f3 el corresponsal de SANA, el subcomit\u00e9 celebr\u00f3 dos sesiones y ambas no contaron con cobertura de los medios de prensa. En una declaraci\u00f3n a SANA despu\u00e9s del t\u00e9rmino &hellip;<\/p>\n","protected":false},"author":32,"featured_media":119846,"comment_status":"closed","ping_status":"closed","sticky":false,"template":"","format":"standard","meta":{"footnotes":""},"categories":[597,467],"tags":[16944],"class_list":["post-119845","post","type-post","status-publish","format-standard","has-post-thumbnail","","category-cinta-de-noticias","category-siria-y-el-mundo","tag-subcomite-de-discusion-de-la-constitucion-continua-sus-reuniones-en-ginebra"],"_links":{"self":[{"href":"https:\/\/archive.sana.sy\/es\/index.php?rest_route=\/wp\/v2\/posts\/119845"}],"collection":[{"href":"https:\/\/archive.sana.sy\/es\/index.php?rest_route=\/wp\/v2\/posts"}],"about":[{"href":"https:\/\/archive.sana.sy\/es\/index.php?rest_route=\/wp\/v2\/types\/post"}],"author":[{"embeddable":true,"href":"https:\/\/archive.sana.sy\/es\/index.php?rest_route=\/wp\/v2\/users\/32"}],"replies":[{"embeddable":true,"href":"https:\/\/archive.sana.sy\/es\/index.php?rest_route=%2Fwp%2Fv2%2Fcomments&post=119845"}],"version-history":[{"count":0,"href":"https:\/\/archive.sana.sy\/es\/index.php?rest_route=\/wp\/v2\/posts\/119845\/revisions"}],"wp:featuredmedia":[{"embeddable":true,"href":"https:\/\/archive.sana.sy\/es\/index.php?rest_route=\/wp\/v2\/media\/119846"}],"wp:attachment":[{"href":"https:\/\/archive.sana.sy\/es\/index.php?rest_route=%2Fwp%2Fv2%2Fmedia&parent=119845"}],"wp:term":[{"taxonomy":"category","embeddable":true,"href":"https:\/\/archive.sana.sy\/es\/index.php?rest_route=%2Fwp%2Fv2%2Fcategories&post=119845"},{"taxonomy":"post_tag","embeddable":true,"href":"https:\/\/archive.sana.sy\/es\/index.php?rest_route=%2Fwp%2Fv2%2Ftags&post=119845"}],"curies":[{"name":"wp","href":"https:\/\/api.w.org\/{rel}","templated":true}]}}