{"id":119888,"date":"2019-11-07T15:31:09","date_gmt":"2019-11-07T13:31:09","guid":{"rendered":"http:\/\/sana.sy\/es\/?p=119888"},"modified":"2019-11-07T15:31:09","modified_gmt":"2019-11-07T13:31:09","slug":"siria-y-rusia-llaman-a-ejercer-presiones-sobre-washington-para-que-retire-sus-fuerzas-de-siria","status":"publish","type":"post","link":"https:\/\/archive.sana.sy\/es\/?p=119888","title":{"rendered":"Siria y Rusia llaman a ejercer presiones sobre Washington para que retire sus fuerzas de Siria"},"content":{"rendered":"<p style=\"text-align: justify;\"><strong><span style=\"color: #800000;\">Mosc\u00fa, SANA<\/span><\/strong><\/p>\n<p style=\"text-align: justify;\">Siria y Rusia instaron la comunidad internacional para que presione a Washington y obligarla a retirarse sus fuerzas de Siria.<\/p>\n<p style=\"text-align: justify;\">Esta postura fue expresada hoy en una declaraci\u00f3n conjunta emitida por los dos comit\u00e9s de Siria y Rusia que coordinan sobre el retorno de los desplazados sirios.<\/p>\n<p style=\"text-align: justify;\">\u201cInstamos a la comunidad internacional para que presione a Estados Unidos que sigue violando el derecho internacional con la presencia ilegal de sus tropas en el territorio sirio, y obligarla a retirar sus tropas por completo de la Rep\u00fablica \u00c1rabe Siria\u201d, detall\u00f3 el comunicado.<\/p>\n<p style=\"text-align: justify;\">El texto de la declaraci\u00f3n se\u00f1al\u00f3 que Estados Unidos se niega a ofrecer garant\u00edas de seguridad a la misi\u00f3n de las Naciones Unidas encargada de trasladar los refugiados retenidos en el campamento Rukban, lo cual impide el proceso de desmantelamiento del campamento y poner fin a la tragedia de miles de familias.<\/p>\n<p style=\"text-align: justify;\">Ambos comit\u00e9s pidieron en varias ocasiones a Washington que retire sus tropas de inmediato de Siria y denunciaron que las fuerzas estadounidense usan a los civiles en el campamento Rukban como escudo humano para continuar su ocupaci\u00f3n de la zona de Tanef.<\/p>\n<p style=\"text-align: justify;\"><span style=\"color: #0000ff;\">E.D\/F.M<\/span><\/p>\n","protected":false},"excerpt":{"rendered":"<p>Mosc\u00fa, SANA Siria y Rusia instaron la comunidad internacional para que presione a Washington y obligarla a retirarse sus fuerzas de Siria. Esta postura fue expresada hoy en una declaraci\u00f3n conjunta emitida por los dos comit\u00e9s de Siria y Rusia que coordinan sobre el retorno de los desplazados sirios. \u201cInstamos a la comunidad internacional para &hellip;<\/p>\n","protected":false},"author":34,"featured_media":119889,"comment_status":"closed","ping_status":"closed","sticky":false,"template":"","format":"standard","meta":{"footnotes":""},"categories":[477,597,456,573,467,7541],"tags":[],"class_list":["post-119888","post","type-post","status-publish","format-standard","has-post-thumbnail","","category-noticias-edulcorantes","category-cinta-de-noticias","category-arabe-internacional-politica","category-la-realidad-de-los-acontecimientos-en-siria","category-siria-y-el-mundo","category-ultimas-noticias"],"_links":{"self":[{"href":"https:\/\/archive.sana.sy\/es\/index.php?rest_route=\/wp\/v2\/posts\/119888"}],"collection":[{"href":"https:\/\/archive.sana.sy\/es\/index.php?rest_route=\/wp\/v2\/posts"}],"about":[{"href":"https:\/\/archive.sana.sy\/es\/index.php?rest_route=\/wp\/v2\/types\/post"}],"author":[{"embeddable":true,"href":"https:\/\/archive.sana.sy\/es\/index.php?rest_route=\/wp\/v2\/users\/34"}],"replies":[{"embeddable":true,"href":"https:\/\/archive.sana.sy\/es\/index.php?rest_route=%2Fwp%2Fv2%2Fcomments&post=119888"}],"version-history":[{"count":0,"href":"https:\/\/archive.sana.sy\/es\/index.php?rest_route=\/wp\/v2\/posts\/119888\/revisions"}],"wp:featuredmedia":[{"embeddable":true,"href":"https:\/\/archive.sana.sy\/es\/index.php?rest_route=\/wp\/v2\/media\/119889"}],"wp:attachment":[{"href":"https:\/\/archive.sana.sy\/es\/index.php?rest_route=%2Fwp%2Fv2%2Fmedia&parent=119888"}],"wp:term":[{"taxonomy":"category","embeddable":true,"href":"https:\/\/archive.sana.sy\/es\/index.php?rest_route=%2Fwp%2Fv2%2Fcategories&post=119888"},{"taxonomy":"post_tag","embeddable":true,"href":"https:\/\/archive.sana.sy\/es\/index.php?rest_route=%2Fwp%2Fv2%2Ftags&post=119888"}],"curies":[{"name":"wp","href":"https:\/\/api.w.org\/{rel}","templated":true}]}}