{"id":119891,"date":"2019-11-07T15:52:07","date_gmt":"2019-11-07T13:52:07","guid":{"rendered":"http:\/\/sana.sy\/es\/?p=119891"},"modified":"2019-11-07T16:19:04","modified_gmt":"2019-11-07T14:19:04","slug":"protestas-populares-en-deir-ezzor-contras-la-agresion-turca-al-territorio-sirio","status":"publish","type":"post","link":"https:\/\/archive.sana.sy\/es\/?p=119891","title":{"rendered":"Protestas populares en Deir Ezzor contras la agresi\u00f3n turca al territorio sirio"},"content":{"rendered":"<p style=\"text-align: justify;\"><strong><span style=\"color: #800000;\">Deir Ezzor, SANA<\/span><\/strong><\/p>\n<p style=\"text-align: justify;\">Los habitantes de la localidad de al-Zubari en el campo de la provincia oriental de Deir Ezzor salieron en una manifestaci\u00f3n para expresar su en\u00e9rgica condena a la agresi\u00f3n turca contra el territorio sirio.<\/p>\n<p style=\"text-align: justify;\">Los manifestantes izaron banderas nacionales y llevaron pancartas con frases que celebran las victorias del ej\u00e9rcito sirio y su despliegue en la regi\u00f3n de Al-Jazeera.<\/p>\n<p style=\"text-align: justify;\"><span style=\"color: #0000ff;\"><strong>E.D\/F.M<\/strong><\/span><\/p>\n","protected":false},"excerpt":{"rendered":"<p>Deir Ezzor, SANA Los habitantes de la localidad de al-Zubari en el campo de la provincia oriental de Deir Ezzor salieron en una manifestaci\u00f3n para expresar su en\u00e9rgica condena a la agresi\u00f3n turca contra el territorio sirio. Los manifestantes izaron banderas nacionales y llevaron pancartas con frases que celebran las victorias del ej\u00e9rcito sirio y &hellip;<\/p>\n","protected":false},"author":34,"featured_media":119893,"comment_status":"closed","ping_status":"closed","sticky":false,"template":"","format":"standard","meta":{"footnotes":""},"categories":[477,597,476,7541],"tags":[],"class_list":["post-119891","post","type-post","status-publish","format-standard","has-post-thumbnail","","category-noticias-edulcorantes","category-cinta-de-noticias","category-locales","category-ultimas-noticias"],"_links":{"self":[{"href":"https:\/\/archive.sana.sy\/es\/index.php?rest_route=\/wp\/v2\/posts\/119891"}],"collection":[{"href":"https:\/\/archive.sana.sy\/es\/index.php?rest_route=\/wp\/v2\/posts"}],"about":[{"href":"https:\/\/archive.sana.sy\/es\/index.php?rest_route=\/wp\/v2\/types\/post"}],"author":[{"embeddable":true,"href":"https:\/\/archive.sana.sy\/es\/index.php?rest_route=\/wp\/v2\/users\/34"}],"replies":[{"embeddable":true,"href":"https:\/\/archive.sana.sy\/es\/index.php?rest_route=%2Fwp%2Fv2%2Fcomments&post=119891"}],"version-history":[{"count":0,"href":"https:\/\/archive.sana.sy\/es\/index.php?rest_route=\/wp\/v2\/posts\/119891\/revisions"}],"wp:featuredmedia":[{"embeddable":true,"href":"https:\/\/archive.sana.sy\/es\/index.php?rest_route=\/wp\/v2\/media\/119893"}],"wp:attachment":[{"href":"https:\/\/archive.sana.sy\/es\/index.php?rest_route=%2Fwp%2Fv2%2Fmedia&parent=119891"}],"wp:term":[{"taxonomy":"category","embeddable":true,"href":"https:\/\/archive.sana.sy\/es\/index.php?rest_route=%2Fwp%2Fv2%2Fcategories&post=119891"},{"taxonomy":"post_tag","embeddable":true,"href":"https:\/\/archive.sana.sy\/es\/index.php?rest_route=%2Fwp%2Fv2%2Ftags&post=119891"}],"curies":[{"name":"wp","href":"https:\/\/api.w.org\/{rel}","templated":true}]}}