{"id":119900,"date":"2019-11-07T16:59:19","date_gmt":"2019-11-07T14:59:19","guid":{"rendered":"http:\/\/sana.sy\/es\/?p=119900"},"modified":"2019-11-07T16:59:19","modified_gmt":"2019-11-07T14:59:19","slug":"siria-entrega-a-un-nino-italiano-de-origen-albanes-que-fue-victima-del-terrorismo","status":"publish","type":"post","link":"https:\/\/archive.sana.sy\/es\/?p=119900","title":{"rendered":"Siria entrega a un ni\u00f1o italiano de origen alban\u00e9s que fue v\u00edctima del terrorismo"},"content":{"rendered":"<p style=\"text-align: justify;\"><strong><span style=\"color: #800000;\">Damasco, SANA<\/span><\/strong><\/p>\n<p style=\"text-align: justify;\">El viceministro de Exteriores y Expatriados, Faisal Mekdad, entreg\u00f3 a un ni\u00f1o italiano de origen alban\u00e9s que estaba retenido en el campamento al-Hol y fue v\u00edctima de las pr\u00e1cticas de las organizaciones terroristas.<\/p>\n<p style=\"text-align: justify;\">El vicecanciller sirio entreg\u00f3 el a\u00f1o al presidente de la Federaci\u00f3n Internacional de Sociedades de la Cruz Roja y la Media Luna Roja, Francesco Rocca, durante un encuentro en la sede de la canciller\u00eda siria el cual cont\u00f3 con la presencia del presidente de la Media Luna Roja \u00c1rabe Siria, Khaled Haboubati.<\/p>\n<p><img loading=\"lazy\" decoding=\"async\" class=\"wp-image-119902 alignleft\" src=\"http:\/\/sana.sy\/es\/wp-content\/uploads\/2019\/11\/13-22-300x168.jpg\" alt=\"\" width=\"384\" height=\"215\" srcset=\"https:\/\/archive.sana.sy\/es\/wp-content\/uploads\/2019\/11\/13-22-300x168.jpg 300w, https:\/\/archive.sana.sy\/es\/wp-content\/uploads\/2019\/11\/13-22-150x84.jpg 150w, https:\/\/archive.sana.sy\/es\/wp-content\/uploads\/2019\/11\/13-22.jpg 660w\" sizes=\"(max-width: 384px) 100vw, 384px\" \/><\/p>\n<p style=\"text-align: justify;\">Mekdad felicit\u00f3 a los padres del ni\u00f1o, a la Media Luna Roja \u00c1rabe Siria y a la Federaci\u00f3n Internacional de Sociedades de la Cruz Roja y la Media Luna Roja por este logro que representa la esencia humanitaria de las pol\u00edticas del Estado sirio.<\/p>\n<p style=\"text-align: justify;\">Asegur\u00f3 que el Gobierno sirio presta especial atenci\u00f3n e inter\u00e9s para tratar esos caso humanitarios partiendo de su compromiso real con los principios del Derecho Humanitario Internacional a diferencia de algunos pa\u00edses occidentales que alegan respetar esta ley mientras eluden sus compromisos y explotan la dimensi\u00f3n humana para ejercer el chantaje pol\u00edtico.<\/p>\n<p style=\"text-align: justify;\">\u201cEl gobierno sirio est\u00e1 dispuesto a proporcionar todas las facilidades necesarias para ayudar a los ni\u00f1os que son v\u00edctimas de las pr\u00e1cticas de las organizaciones terroristas en Siria y los pa\u00edses que las apoyan en Europa occidental\u201d, dijo el diplom\u00e1tico sirio.<\/p>\n<p style=\"text-align: justify;\">Por su parte, Rocca expres\u00f3 su profundo agradecimiento por la cooperaci\u00f3n mostrada por el gobierno sirio y la Media Luna Roja \u00c1rabe Siria para facilitar el regreso del ni\u00f1o a su familia y poner fin a su sufrimiento.<\/p>\n<p style=\"text-align: justify;\">\u201cEsto representa un modelo de cooperaci\u00f3n constructiva entre la Rep\u00fablica \u00c1rabe Siria y la Federaci\u00f3n Internacional de Sociedades de la Cruz Roja y la Media Luna Roja\u201d, opin\u00f3.<\/p>\n<p><img loading=\"lazy\" decoding=\"async\" class=\"wp-image-119901 alignleft\" src=\"http:\/\/sana.sy\/es\/wp-content\/uploads\/2019\/11\/12-31-660x330-300x150.jpg\" alt=\"\" width=\"442\" height=\"221\" srcset=\"https:\/\/archive.sana.sy\/es\/wp-content\/uploads\/2019\/11\/12-31-660x330-300x150.jpg 300w, https:\/\/archive.sana.sy\/es\/wp-content\/uploads\/2019\/11\/12-31-660x330-150x75.jpg 150w, https:\/\/archive.sana.sy\/es\/wp-content\/uploads\/2019\/11\/12-31-660x330.jpg 660w\" sizes=\"(max-width: 442px) 100vw, 442px\" \/><\/p>\n<p style=\"text-align: justify;\">Los asistentes al encuentro acordaron seguir fortaleciendo la relaci\u00f3n entre Siria y la Federaci\u00f3n Internacional y la Media Luna Roja \u00c1rabe Siria para servir a los nobles objetivos humanitarios de las tres partes y hacer los esfuerzos necesarios para implementar el derecho internacional humanitario.<\/p>\n<p style=\"text-align: justify;\"><span style=\"color: #0000ff;\"><strong>F.M<\/strong><\/span><\/p>\n","protected":false},"excerpt":{"rendered":"<p>Damasco, SANA El viceministro de Exteriores y Expatriados, Faisal Mekdad, entreg\u00f3 a un ni\u00f1o italiano de origen alban\u00e9s que estaba retenido en el campamento al-Hol y fue v\u00edctima de las pr\u00e1cticas de las organizaciones terroristas. El vicecanciller sirio entreg\u00f3 el a\u00f1o al presidente de la Federaci\u00f3n Internacional de Sociedades de la Cruz Roja y la &hellip;<\/p>\n","protected":false},"author":34,"featured_media":119903,"comment_status":"closed","ping_status":"closed","sticky":false,"template":"","format":"standard","meta":{"footnotes":""},"categories":[597,573,476,7541],"tags":[],"class_list":["post-119900","post","type-post","status-publish","format-standard","has-post-thumbnail","","category-cinta-de-noticias","category-la-realidad-de-los-acontecimientos-en-siria","category-locales","category-ultimas-noticias"],"_links":{"self":[{"href":"https:\/\/archive.sana.sy\/es\/index.php?rest_route=\/wp\/v2\/posts\/119900"}],"collection":[{"href":"https:\/\/archive.sana.sy\/es\/index.php?rest_route=\/wp\/v2\/posts"}],"about":[{"href":"https:\/\/archive.sana.sy\/es\/index.php?rest_route=\/wp\/v2\/types\/post"}],"author":[{"embeddable":true,"href":"https:\/\/archive.sana.sy\/es\/index.php?rest_route=\/wp\/v2\/users\/34"}],"replies":[{"embeddable":true,"href":"https:\/\/archive.sana.sy\/es\/index.php?rest_route=%2Fwp%2Fv2%2Fcomments&post=119900"}],"version-history":[{"count":0,"href":"https:\/\/archive.sana.sy\/es\/index.php?rest_route=\/wp\/v2\/posts\/119900\/revisions"}],"wp:featuredmedia":[{"embeddable":true,"href":"https:\/\/archive.sana.sy\/es\/index.php?rest_route=\/wp\/v2\/media\/119903"}],"wp:attachment":[{"href":"https:\/\/archive.sana.sy\/es\/index.php?rest_route=%2Fwp%2Fv2%2Fmedia&parent=119900"}],"wp:term":[{"taxonomy":"category","embeddable":true,"href":"https:\/\/archive.sana.sy\/es\/index.php?rest_route=%2Fwp%2Fv2%2Fcategories&post=119900"},{"taxonomy":"post_tag","embeddable":true,"href":"https:\/\/archive.sana.sy\/es\/index.php?rest_route=%2Fwp%2Fv2%2Ftags&post=119900"}],"curies":[{"name":"wp","href":"https:\/\/api.w.org\/{rel}","templated":true}]}}