{"id":120163,"date":"2019-11-10T21:00:16","date_gmt":"2019-11-10T19:00:16","guid":{"rendered":"http:\/\/sana.sy\/es\/?p=120163"},"modified":"2019-11-11T05:36:43","modified_gmt":"2019-11-11T03:36:43","slug":"5-muertos-y-17-heridos-por-acto-terrorista-en-poblado-de-sluk","status":"publish","type":"post","link":"https:\/\/archive.sana.sy\/es\/?p=120163","title":{"rendered":"Cinco muertos y 17 heridos en atentado terrorista en el poblado de Saluk, Raqa"},"content":{"rendered":"<p style=\"text-align: justify;\"><strong><span style=\"color: #800000;\">Raqa, SANA<\/span><\/strong><\/p>\n<p style=\"text-align: justify;\">Cinco civiles perdieron la vida y otros 17 resultaron heridos como consecuencia de la explosi\u00f3n de un coche bomba en el poblado de Saluk, ubicado en el campo norte de la provincia de Raqa.<\/p>\n<p style=\"text-align: justify;\">Fuentes locales informaron que un coche minado con grandes cantidades de material explosivo, fue detonado en la calle principal del poblado, perteneciente al municipio de Tal Abyad.<\/p>\n<p style=\"text-align: justify;\">Seg\u00fan las fuentes, el estallido del coche bomba dej\u00f3 cinco muertos y 17 heridos, la mayor\u00eda de ellos en estado cr\u00edtico debido a las lesiones que sufrieron.<\/p>\n<p style=\"text-align: justify;\">Las fuerzas de ocupaci\u00f3n del r\u00e9gimen turco y sus mercenarios terroristas controlan esa zona desde el pasado 13 de octubre.<\/p>\n<p style=\"text-align: justify;\"><strong><span style=\"color: #0000ff;\">Y.K\/F.M<\/span><\/strong><\/p>\n","protected":false},"excerpt":{"rendered":"<p>Raqa, SANA Cinco civiles perdieron la vida y otros 17 resultaron heridos como consecuencia de la explosi\u00f3n de un coche bomba en el poblado de Saluk, ubicado en el campo norte de la provincia de Raqa. Fuentes locales informaron que un coche minado con grandes cantidades de material explosivo, fue detonado en la calle principal &hellip;<\/p>\n","protected":false},"author":1,"featured_media":120164,"comment_status":"closed","ping_status":"closed","sticky":false,"template":"","format":"standard","meta":{"footnotes":""},"categories":[573,7541],"tags":[],"class_list":["post-120163","post","type-post","status-publish","format-standard","has-post-thumbnail","","category-la-realidad-de-los-acontecimientos-en-siria","category-ultimas-noticias"],"_links":{"self":[{"href":"https:\/\/archive.sana.sy\/es\/index.php?rest_route=\/wp\/v2\/posts\/120163"}],"collection":[{"href":"https:\/\/archive.sana.sy\/es\/index.php?rest_route=\/wp\/v2\/posts"}],"about":[{"href":"https:\/\/archive.sana.sy\/es\/index.php?rest_route=\/wp\/v2\/types\/post"}],"author":[{"embeddable":true,"href":"https:\/\/archive.sana.sy\/es\/index.php?rest_route=\/wp\/v2\/users\/1"}],"replies":[{"embeddable":true,"href":"https:\/\/archive.sana.sy\/es\/index.php?rest_route=%2Fwp%2Fv2%2Fcomments&post=120163"}],"version-history":[{"count":0,"href":"https:\/\/archive.sana.sy\/es\/index.php?rest_route=\/wp\/v2\/posts\/120163\/revisions"}],"wp:featuredmedia":[{"embeddable":true,"href":"https:\/\/archive.sana.sy\/es\/index.php?rest_route=\/wp\/v2\/media\/120164"}],"wp:attachment":[{"href":"https:\/\/archive.sana.sy\/es\/index.php?rest_route=%2Fwp%2Fv2%2Fmedia&parent=120163"}],"wp:term":[{"taxonomy":"category","embeddable":true,"href":"https:\/\/archive.sana.sy\/es\/index.php?rest_route=%2Fwp%2Fv2%2Fcategories&post=120163"},{"taxonomy":"post_tag","embeddable":true,"href":"https:\/\/archive.sana.sy\/es\/index.php?rest_route=%2Fwp%2Fv2%2Ftags&post=120163"}],"curies":[{"name":"wp","href":"https:\/\/api.w.org\/{rel}","templated":true}]}}