{"id":120330,"date":"2019-11-11T22:52:50","date_gmt":"2019-11-11T20:52:50","guid":{"rendered":"http:\/\/sana.sy\/es\/?p=120330"},"modified":"2019-11-12T07:04:16","modified_gmt":"2019-11-12T05:04:16","slug":"por-orientacion-del-presidente-al-assad-al-hilal-visita-a-los-heridos-del-ejercito-en-hasakeh","status":"publish","type":"post","link":"https:\/\/archive.sana.sy\/es\/?p=120330","title":{"rendered":"Por indicaci\u00f3n del presidente al-Assad, el subsecretario del Partido Baath visita a militares heridos en Hasakeh"},"content":{"rendered":"<p style=\"text-align: justify;\"><strong><span style=\"color: #800000;\">Hasakeh, SANA<\/span><\/strong><\/p>\n<p style=\"text-align: justify;\">Cumpliendo indicaciones del presidente Bashar al-Assad, el Subsecretario General del Partido Baath \u00c1rabe Socialista, Hilal al-Hilal, visit\u00f3 a los heridos del Ej\u00e9rcito sirio en el Centro de Emergencia M\u00e9dica, y quienes fueron lesionados durante los combates con el ocupante turco y sus mercenarios terroristas, en el campo sure\u00f1o del municipio de Ras al-Ain.<\/p>\n<p style=\"text-align: justify;\">Al-Hilal confirm\u00f3 que no hay nada que temer por la seguridad de Siria en presencia del Ej\u00e9rcito que enfrenta a los terroristas y sus amos.<\/p>\n<p style=\"text-align: justify;\">Asimismo, el dirigente partidista y la delegaci\u00f3n que lo acompa\u00f1a visitaron el Centro de Radio y Televisi\u00f3n de Hasakeh donde se reunieron con los reporteros que resultaron heridos mientras cubr\u00edan las batallas del Ej\u00e9rcito sirio contra las fuerzas del agresor turco.<\/p>\n<p style=\"text-align: justify;\"><strong><span style=\"color: #0000ff;\">R.R\/R.Sh\/F.M<\/span><\/strong><\/p>\n<div id='gallery-1' class='gallery galleryid-120330 gallery-columns-2 gallery-size-medium'><figure class='gallery-item'>\n\t\t\t<div class='gallery-icon landscape'>\n\t\t\t\t<a href='https:\/\/archive.sana.sy\/es\/wp-content\/uploads\/2019\/11\/IMG_20191111_173232_705.jpg'><img loading=\"lazy\" decoding=\"async\" width=\"300\" height=\"190\" src=\"https:\/\/archive.sana.sy\/es\/wp-content\/uploads\/2019\/11\/IMG_20191111_173232_705-300x190.jpg\" class=\"attachment-medium size-medium\" alt=\"\" srcset=\"https:\/\/archive.sana.sy\/es\/wp-content\/uploads\/2019\/11\/IMG_20191111_173232_705-300x190.jpg 300w, https:\/\/archive.sana.sy\/es\/wp-content\/uploads\/2019\/11\/IMG_20191111_173232_705-150x95.jpg 150w, https:\/\/archive.sana.sy\/es\/wp-content\/uploads\/2019\/11\/IMG_20191111_173232_705-768x487.jpg 768w, https:\/\/archive.sana.sy\/es\/wp-content\/uploads\/2019\/11\/IMG_20191111_173232_705-1024x649.jpg 1024w\" sizes=\"(max-width: 300px) 100vw, 300px\" \/><\/a>\n\t\t\t<\/div><\/figure><figure class='gallery-item'>\n\t\t\t<div class='gallery-icon landscape'>\n\t\t\t\t<a href='https:\/\/archive.sana.sy\/es\/wp-content\/uploads\/2019\/11\/photo_2019-11-11_18-04-22.jpg'><img loading=\"lazy\" decoding=\"async\" width=\"300\" height=\"187\" src=\"https:\/\/archive.sana.sy\/es\/wp-content\/uploads\/2019\/11\/photo_2019-11-11_18-04-22-300x187.jpg\" class=\"attachment-medium size-medium\" alt=\"\" srcset=\"https:\/\/archive.sana.sy\/es\/wp-content\/uploads\/2019\/11\/photo_2019-11-11_18-04-22-300x187.jpg 300w, https:\/\/archive.sana.sy\/es\/wp-content\/uploads\/2019\/11\/photo_2019-11-11_18-04-22-150x93.jpg 150w, https:\/\/archive.sana.sy\/es\/wp-content\/uploads\/2019\/11\/photo_2019-11-11_18-04-22-768x478.jpg 768w, https:\/\/archive.sana.sy\/es\/wp-content\/uploads\/2019\/11\/photo_2019-11-11_18-04-22-1024x637.jpg 1024w\" sizes=\"(max-width: 300px) 100vw, 300px\" \/><\/a>\n\t\t\t<\/div><\/figure>\n\t\t<\/div>\n\n","protected":false},"excerpt":{"rendered":"<p>Hasakeh, SANA Cumpliendo indicaciones del presidente Bashar al-Assad, el Subsecretario General del Partido Baath \u00c1rabe Socialista, Hilal al-Hilal, visit\u00f3 a los heridos del Ej\u00e9rcito sirio en el Centro de Emergencia M\u00e9dica, y quienes fueron lesionados durante los combates con el ocupante turco y sus mercenarios terroristas, en el campo sure\u00f1o del municipio de Ras al-Ain. &hellip;<\/p>\n","protected":false},"author":31,"featured_media":120331,"comment_status":"closed","ping_status":"closed","sticky":false,"template":"","format":"standard","meta":{"footnotes":""},"categories":[597,476,7541],"tags":[],"class_list":["post-120330","post","type-post","status-publish","format-standard","has-post-thumbnail","","category-cinta-de-noticias","category-locales","category-ultimas-noticias"],"_links":{"self":[{"href":"https:\/\/archive.sana.sy\/es\/index.php?rest_route=\/wp\/v2\/posts\/120330"}],"collection":[{"href":"https:\/\/archive.sana.sy\/es\/index.php?rest_route=\/wp\/v2\/posts"}],"about":[{"href":"https:\/\/archive.sana.sy\/es\/index.php?rest_route=\/wp\/v2\/types\/post"}],"author":[{"embeddable":true,"href":"https:\/\/archive.sana.sy\/es\/index.php?rest_route=\/wp\/v2\/users\/31"}],"replies":[{"embeddable":true,"href":"https:\/\/archive.sana.sy\/es\/index.php?rest_route=%2Fwp%2Fv2%2Fcomments&post=120330"}],"version-history":[{"count":0,"href":"https:\/\/archive.sana.sy\/es\/index.php?rest_route=\/wp\/v2\/posts\/120330\/revisions"}],"wp:featuredmedia":[{"embeddable":true,"href":"https:\/\/archive.sana.sy\/es\/index.php?rest_route=\/wp\/v2\/media\/120331"}],"wp:attachment":[{"href":"https:\/\/archive.sana.sy\/es\/index.php?rest_route=%2Fwp%2Fv2%2Fmedia&parent=120330"}],"wp:term":[{"taxonomy":"category","embeddable":true,"href":"https:\/\/archive.sana.sy\/es\/index.php?rest_route=%2Fwp%2Fv2%2Fcategories&post=120330"},{"taxonomy":"post_tag","embeddable":true,"href":"https:\/\/archive.sana.sy\/es\/index.php?rest_route=%2Fwp%2Fv2%2Ftags&post=120330"}],"curies":[{"name":"wp","href":"https:\/\/api.w.org\/{rel}","templated":true}]}}