{"id":120452,"date":"2019-11-13T12:00:34","date_gmt":"2019-11-13T10:00:34","guid":{"rendered":"http:\/\/sana.sy\/es\/?p=120452"},"modified":"2019-11-13T12:46:30","modified_gmt":"2019-11-13T10:46:30","slug":"ejercito-destruye-un-coche-bomba-conducida-por-terrorista-suicida-que-intento-atacar-los-puntos-del-ejercito-desplegados-en-las-inmediaciones-de-la-ciudad-de-khan-shaikoun-en-el-sur-de-idleb","status":"publish","type":"post","link":"https:\/\/archive.sana.sy\/es\/?p=120452","title":{"rendered":"Ej\u00e9rcito destruye un coche bomba conducida por terrorista suicida que intent\u00f3 atacar los puntos del ej\u00e9rcito desplegados en las inmediaciones de la ciudad de Khan Shaikoun en el sur de Idleb"},"content":{"rendered":"","protected":false},"excerpt":{"rendered":"","protected":false},"author":32,"featured_media":0,"comment_status":"closed","ping_status":"closed","sticky":false,"template":"","format":"standard","meta":{"footnotes":""},"categories":[596],"tags":[16985],"class_list":["post-120452","post","type-post","status-publish","format-standard","","category-urgente","tag-ejercito-destruye-un-coche-bomba-conducida-por-terrorista-suicida-que-intento-atacar-los-puntos-del-ejercito-desplegados-en-las-inmediaciones-de-la-ciudad-de-khan-shaikoun-en-el-sur-de-idleb"],"_links":{"self":[{"href":"https:\/\/archive.sana.sy\/es\/index.php?rest_route=\/wp\/v2\/posts\/120452"}],"collection":[{"href":"https:\/\/archive.sana.sy\/es\/index.php?rest_route=\/wp\/v2\/posts"}],"about":[{"href":"https:\/\/archive.sana.sy\/es\/index.php?rest_route=\/wp\/v2\/types\/post"}],"author":[{"embeddable":true,"href":"https:\/\/archive.sana.sy\/es\/index.php?rest_route=\/wp\/v2\/users\/32"}],"replies":[{"embeddable":true,"href":"https:\/\/archive.sana.sy\/es\/index.php?rest_route=%2Fwp%2Fv2%2Fcomments&post=120452"}],"version-history":[{"count":0,"href":"https:\/\/archive.sana.sy\/es\/index.php?rest_route=\/wp\/v2\/posts\/120452\/revisions"}],"wp:attachment":[{"href":"https:\/\/archive.sana.sy\/es\/index.php?rest_route=%2Fwp%2Fv2%2Fmedia&parent=120452"}],"wp:term":[{"taxonomy":"category","embeddable":true,"href":"https:\/\/archive.sana.sy\/es\/index.php?rest_route=%2Fwp%2Fv2%2Fcategories&post=120452"},{"taxonomy":"post_tag","embeddable":true,"href":"https:\/\/archive.sana.sy\/es\/index.php?rest_route=%2Fwp%2Fv2%2Ftags&post=120452"}],"curies":[{"name":"wp","href":"https:\/\/api.w.org\/{rel}","templated":true}]}}