{"id":120597,"date":"2019-11-14T12:14:45","date_gmt":"2019-11-14T10:14:45","guid":{"rendered":"http:\/\/sana.sy\/es\/?p=120597"},"modified":"2019-11-14T16:09:55","modified_gmt":"2019-11-14T14:09:55","slug":"ejercito-retoma-el-control-de-los-poblados-de-lwebdeh-y-tel-khazneh-en-idleb","status":"publish","type":"post","link":"https:\/\/archive.sana.sy\/es\/?p=120597","title":{"rendered":"Ej\u00e9rcito retoma el control de los poblados de Lwebdeh y Tel Khazneh en Idleb"},"content":{"rendered":"<p style=\"text-align: justify;\"><strong><span style=\"color: #800000;\">Idleb, SANA<\/span><\/strong><\/p>\n<p style=\"text-align: justify;\">Unidades del Ej\u00e9rcito \u00c1rabe Sirio lograron hoy un nuevo avance en sus operaciones antiterroristas en el frente de la provincia de Idleb.<\/p>\n<p style=\"text-align: justify;\">El corresponsal de SANA report\u00f3 que contingentes del ej\u00e9rcito lograron recuperar el control de los poblados de Lwebdeh y Tel Khazneh en el campo sudeste de esta provincia septentrional.<\/p>\n<p style=\"text-align: justify;\">Los militares bombardearon con artiller\u00eda pesada y misiles las concentraciones y fortificaciones de los terroristas del Frente al-Nousra y luego libraron choques con los radicales que terminaron con la liberaci\u00f3n de las aldeas de Lwebdeh y Tel Khazneh, indic\u00f3 el corresponsal.<\/p>\n<p style=\"text-align: justify;\">Los terroristas sufrieron bajas y el resto huy\u00f3 hacia el municipio de Maaret Al-Nouman.<\/p>\n<p style=\"text-align: justify;\">Por otro lado, los terroristas en la localidad de Mesherfeh sufrieron p\u00e9rdidas en su material b\u00e9lico y bajas en sus filas tras intensos operativos del ej\u00e9rcito.<\/p>\n<p style=\"text-align: justify;\">En agosto \u00faltimo, unidades del ej\u00e9rcito liberaron la ciudad de Khan Shaikhoun y decena de poblados en el campo sur de Ideb.<\/p>\n<p style=\"text-align: justify;\"><span style=\"color: #0000ff;\"><strong>F.M\/E.D<\/strong><\/span><\/p>\n","protected":false},"excerpt":{"rendered":"<p>Idleb, SANA Unidades del Ej\u00e9rcito \u00c1rabe Sirio lograron hoy un nuevo avance en sus operaciones antiterroristas en el frente de la provincia de Idleb. El corresponsal de SANA report\u00f3 que contingentes del ej\u00e9rcito lograron recuperar el control de los poblados de Lwebdeh y Tel Khazneh en el campo sudeste de esta provincia septentrional. Los militares &hellip;<\/p>\n","protected":false},"author":32,"featured_media":120606,"comment_status":"closed","ping_status":"closed","sticky":false,"template":"","format":"standard","meta":{"footnotes":""},"categories":[597,573,7541],"tags":[16991],"class_list":["post-120597","post","type-post","status-publish","format-standard","has-post-thumbnail","","category-cinta-de-noticias","category-la-realidad-de-los-acontecimientos-en-siria","category-ultimas-noticias","tag-ejercito-retoma-el-control-de-los-poblados-de-lwebdeh-y-tel-khazneh-en-idleb"],"_links":{"self":[{"href":"https:\/\/archive.sana.sy\/es\/index.php?rest_route=\/wp\/v2\/posts\/120597"}],"collection":[{"href":"https:\/\/archive.sana.sy\/es\/index.php?rest_route=\/wp\/v2\/posts"}],"about":[{"href":"https:\/\/archive.sana.sy\/es\/index.php?rest_route=\/wp\/v2\/types\/post"}],"author":[{"embeddable":true,"href":"https:\/\/archive.sana.sy\/es\/index.php?rest_route=\/wp\/v2\/users\/32"}],"replies":[{"embeddable":true,"href":"https:\/\/archive.sana.sy\/es\/index.php?rest_route=%2Fwp%2Fv2%2Fcomments&post=120597"}],"version-history":[{"count":0,"href":"https:\/\/archive.sana.sy\/es\/index.php?rest_route=\/wp\/v2\/posts\/120597\/revisions"}],"wp:featuredmedia":[{"embeddable":true,"href":"https:\/\/archive.sana.sy\/es\/index.php?rest_route=\/wp\/v2\/media\/120606"}],"wp:attachment":[{"href":"https:\/\/archive.sana.sy\/es\/index.php?rest_route=%2Fwp%2Fv2%2Fmedia&parent=120597"}],"wp:term":[{"taxonomy":"category","embeddable":true,"href":"https:\/\/archive.sana.sy\/es\/index.php?rest_route=%2Fwp%2Fv2%2Fcategories&post=120597"},{"taxonomy":"post_tag","embeddable":true,"href":"https:\/\/archive.sana.sy\/es\/index.php?rest_route=%2Fwp%2Fv2%2Ftags&post=120597"}],"curies":[{"name":"wp","href":"https:\/\/api.w.org\/{rel}","templated":true}]}}