{"id":120727,"date":"2019-11-15T06:58:49","date_gmt":"2019-11-15T04:58:49","guid":{"rendered":"http:\/\/sana.sy\/es\/?p=120727"},"modified":"2023-01-10T15:15:34","modified_gmt":"2023-01-10T13:15:34","slug":"kadri-las-medidas-economicas-coercitivas-unilaterales-impuestas-a-siria-han-afectado-al-desarrollo","status":"publish","type":"post","link":"https:\/\/archive.sana.sy\/es\/?p=120727","title":{"rendered":"Damasco denuncia ante Conferencia de Nairobi las medidas econ\u00f3micas coercitivas unilaterales impuestas a Siria"},"content":{"rendered":"<div>\n<p style=\"text-align: justify;\"><span lang=\"ES-TRAD\" style=\"color: #800000;\">Nairobi, SANA\u00a0<\/span><\/p>\n<div style=\"text-align: justify;\">\n<p>La ministra de Asuntos Sociales y Trabajo, Rima Qadri, inst\u00f3 a levantar las medidas econ\u00f3micas unilaterales impuestas a Siria y que impiden el logro de un desarrollo sostenible.<\/p>\n<p>En sus palabras ante la Conferencia Internacional de Poblaci\u00f3n y Desarrollo de Nairobi, la Titular siria dijo que \u201cdurante la primera d\u00e9cada del tercer milenio, Siria logr\u00f3 importantes avances de desarrollo atestiguados por los informes de Desarrollo Humano y Desarrollo del Milenio formulados por las organizaciones internacionales durante esos a\u00f1os\u201d.<\/p>\n<p>\u201cDesde el a\u00f1o 2011, Siria enfrenta circunstancias excepcionales debido a la guerra terrorista que caus\u00f3 la destrucci\u00f3n de la infraestructura y el medio ambiente, y afect\u00f3 negativamente el plan de desarrollo en el que trabajaba Siria en una tendencia ascendente significativa\u201d, explic\u00f3.<\/p>\n<p>La ministra Qadri llam\u00f3 la atenci\u00f3n sobre las pr\u00e1cticas del ocupante israel\u00ed contra los golaneses, al privarlos de sus derechos b\u00e1sicos y adoptar pol\u00edticas discriminatorias y racistas en su contra.<\/p>\n<p>La jefa de la delegaci\u00f3n siria en la Conferencia se reuni\u00f3 con varios ministros y jefes de estado que participaron en la misma, incluidos representantes de Argelia, Irak, Cuba, Armenia, Kenia y Trinidad y Tobago.<\/p>\n<p>Durante esos encuentros, fueron revisados los desarrollos en Siria y las victorias logradas por el ej\u00e9rcito sirio contra el terrorismo.<\/p>\n<p>Cabe destacar que la Conferencia de Nairobi sobre Poblaci\u00f3n y Desarrollo se celebra con motivo del 25 aniversario de la Conferencia Internacional de El Cairo sobre Poblaci\u00f3n y Desarrollo en 1994, donde 179 pa\u00edses han adoptado un programa de acci\u00f3n que se considera Hoja de Ruta hacia el desarrollo.<\/p>\n<\/div>\n<\/div>\n<div style=\"text-align: justify;\"><span style=\"color: #0000ff;\">A. Sh.\/ F.M.\/ A. H.\u00a0<\/span><\/div>\n","protected":false},"excerpt":{"rendered":"<p>Nairobi, SANA\u00a0 La ministra de Asuntos Sociales y Trabajo, Rima Qadri, inst\u00f3 a levantar las medidas econ\u00f3micas unilaterales impuestas a Siria y que impiden el logro de un desarrollo sostenible. En sus palabras ante la Conferencia Internacional de Poblaci\u00f3n y Desarrollo de Nairobi, la Titular siria dijo que \u201cdurante la primera d\u00e9cada del tercer milenio, &hellip;<\/p>\n","protected":false},"author":30,"featured_media":120728,"comment_status":"closed","ping_status":"closed","sticky":false,"template":"","format":"standard","meta":{"footnotes":""},"categories":[597,485,7541],"tags":[16995],"class_list":["post-120727","post","type-post","status-publish","format-standard","has-post-thumbnail","","category-cinta-de-noticias","category-informes-negocios-y-finanzas","category-ultimas-noticias","tag-kadri-las-medidas-economicas-coercitivas-unilaterales-impuestas-a-siria-han-afectado-al-desarrollo"],"_links":{"self":[{"href":"https:\/\/archive.sana.sy\/es\/index.php?rest_route=\/wp\/v2\/posts\/120727"}],"collection":[{"href":"https:\/\/archive.sana.sy\/es\/index.php?rest_route=\/wp\/v2\/posts"}],"about":[{"href":"https:\/\/archive.sana.sy\/es\/index.php?rest_route=\/wp\/v2\/types\/post"}],"author":[{"embeddable":true,"href":"https:\/\/archive.sana.sy\/es\/index.php?rest_route=\/wp\/v2\/users\/30"}],"replies":[{"embeddable":true,"href":"https:\/\/archive.sana.sy\/es\/index.php?rest_route=%2Fwp%2Fv2%2Fcomments&post=120727"}],"version-history":[{"count":0,"href":"https:\/\/archive.sana.sy\/es\/index.php?rest_route=\/wp\/v2\/posts\/120727\/revisions"}],"wp:featuredmedia":[{"embeddable":true,"href":"https:\/\/archive.sana.sy\/es\/index.php?rest_route=\/wp\/v2\/media\/120728"}],"wp:attachment":[{"href":"https:\/\/archive.sana.sy\/es\/index.php?rest_route=%2Fwp%2Fv2%2Fmedia&parent=120727"}],"wp:term":[{"taxonomy":"category","embeddable":true,"href":"https:\/\/archive.sana.sy\/es\/index.php?rest_route=%2Fwp%2Fv2%2Fcategories&post=120727"},{"taxonomy":"post_tag","embeddable":true,"href":"https:\/\/archive.sana.sy\/es\/index.php?rest_route=%2Fwp%2Fv2%2Ftags&post=120727"}],"curies":[{"name":"wp","href":"https:\/\/api.w.org\/{rel}","templated":true}]}}