{"id":121191,"date":"2019-11-19T15:46:16","date_gmt":"2019-11-19T13:46:16","guid":{"rendered":"http:\/\/sana.sy\/es\/?p=121191"},"modified":"2023-01-10T14:35:19","modified_gmt":"2023-01-10T12:35:19","slug":"sousan-se-reune-con-parlamentarios-alemanes-y-asegura-que-la-union-europea-perdio-su-identidad-y-credibilidad","status":"publish","type":"post","link":"https:\/\/archive.sana.sy\/es\/?p=121191","title":{"rendered":"Sousan se re\u00fane con parlamentarios alemanes y asegura que la Uni\u00f3n Europea perdi\u00f3 su identidad y credibilidad"},"content":{"rendered":"<p style=\"text-align: justify\"><strong><span style=\"color: #800000\">Damasco, SANA<\/span><\/strong><\/p>\n<p style=\"text-align: justify\">El Ministro Asistente de Exteriores y Expatriados, Ayman Sousan, se reuni\u00f3 hoy con una delegaci\u00f3n parlamentaria alemana encabezada por el diputado Frank Pasemann, jefe del Grupo de Contacto sobre Siria en el Parlamento.<\/p>\n<p style=\"text-align: justify\">El canciller repas\u00f3 con la delegaci\u00f3n visitante, los \u00faltimos acontecimientos en Siria y la regi\u00f3n, y reafirm\u00f3 que Damasco seguir\u00e1 luchando contra el terrorismo.<\/p>\n<p style=\"text-align: justify\">Destac\u00f3 que la unidad del territorio y del pueblo de Siria es algo sagrado y una l\u00ednea roja que no se permitir\u00e1 a nadie cruzarla.<\/p>\n<p style=\"text-align: justify\">\u201cLa Uni\u00f3n Europea es lacaya ciegamente a las pol\u00edticas de Estados Unidos y perdi\u00f3 su credibilidad e identidad, y se qued\u00f3 al margen de los acontecimientos\u201d, dijo Sousan.<\/p>\n<p style=\"text-align: justify\"><img loading=\"lazy\" decoding=\"async\" class=\"wp-image-121193 alignleft\" src=\"http:\/\/sana.sy\/es\/wp-content\/uploads\/2019\/11\/1-293-660x330-300x150.jpg\" alt=\"\" width=\"468\" height=\"234\" srcset=\"https:\/\/archive.sana.sy\/es\/wp-content\/uploads\/2019\/11\/1-293-660x330-300x150.jpg 300w, https:\/\/archive.sana.sy\/es\/wp-content\/uploads\/2019\/11\/1-293-660x330-150x75.jpg 150w, https:\/\/archive.sana.sy\/es\/wp-content\/uploads\/2019\/11\/1-293-660x330.jpg 660w\" sizes=\"(max-width: 468px) 100vw, 468px\" \/>Indic\u00f3 que el proyecto europeo vive un estado de p\u00e9rdida y falta de credibilidad ante una gran parte de la opini\u00f3n p\u00fablica europea.<\/p>\n<p style=\"text-align: justify\">Por su parte, los miembros de la delegaci\u00f3n expresaron su aprecio por los avances militares logrados en la lucha contra el terrorismo y la consolidaci\u00f3n de la estabilidad en extensas zonas de Siria.<\/p>\n<p style=\"text-align: justify\">Tambi\u00e9n expresaron su oposici\u00f3n a las pol\u00edticas de la UE respecto a Siria e instaron a suspender las ilegales medidas econ\u00f3micas coercitivas unilaterales y tambi\u00e9n apoyar los esfuerzos de Siria en la reconstrucci\u00f3n para facilitar el retorno de los sirios cuyas circunstancias los oblig\u00f3 a abandonar el pa\u00eds.<\/p>\n<p style=\"text-align: justify\"><strong><span style=\"color: #0000ff\">W.S\/F.M<\/span><\/strong><\/p>\n<p style=\"text-align: justify\">\n","protected":false},"excerpt":{"rendered":"<p>Damasco, SANA El Ministro Asistente de Exteriores y Expatriados, Ayman Sousan, se reuni\u00f3 hoy con una delegaci\u00f3n parlamentaria alemana encabezada por el diputado Frank Pasemann, jefe del Grupo de Contacto sobre Siria en el Parlamento. El canciller repas\u00f3 con la delegaci\u00f3n visitante, los \u00faltimos acontecimientos en Siria y la regi\u00f3n, y reafirm\u00f3 que Damasco seguir\u00e1 &hellip;<\/p>\n","protected":false},"author":34,"featured_media":121192,"comment_status":"closed","ping_status":"closed","sticky":false,"template":"","format":"standard","meta":{"footnotes":""},"categories":[477,447,597,476,457,7541],"tags":[],"class_list":["post-121191","post","type-post","status-publish","format-standard","has-post-thumbnail","","category-noticias-edulcorantes","category-local-politica","category-cinta-de-noticias","category-locales","category-noticias-arabe-internacional-politica","category-ultimas-noticias"],"_links":{"self":[{"href":"https:\/\/archive.sana.sy\/es\/index.php?rest_route=\/wp\/v2\/posts\/121191"}],"collection":[{"href":"https:\/\/archive.sana.sy\/es\/index.php?rest_route=\/wp\/v2\/posts"}],"about":[{"href":"https:\/\/archive.sana.sy\/es\/index.php?rest_route=\/wp\/v2\/types\/post"}],"author":[{"embeddable":true,"href":"https:\/\/archive.sana.sy\/es\/index.php?rest_route=\/wp\/v2\/users\/34"}],"replies":[{"embeddable":true,"href":"https:\/\/archive.sana.sy\/es\/index.php?rest_route=%2Fwp%2Fv2%2Fcomments&post=121191"}],"version-history":[{"count":0,"href":"https:\/\/archive.sana.sy\/es\/index.php?rest_route=\/wp\/v2\/posts\/121191\/revisions"}],"wp:featuredmedia":[{"embeddable":true,"href":"https:\/\/archive.sana.sy\/es\/index.php?rest_route=\/wp\/v2\/media\/121192"}],"wp:attachment":[{"href":"https:\/\/archive.sana.sy\/es\/index.php?rest_route=%2Fwp%2Fv2%2Fmedia&parent=121191"}],"wp:term":[{"taxonomy":"category","embeddable":true,"href":"https:\/\/archive.sana.sy\/es\/index.php?rest_route=%2Fwp%2Fv2%2Fcategories&post=121191"},{"taxonomy":"post_tag","embeddable":true,"href":"https:\/\/archive.sana.sy\/es\/index.php?rest_route=%2Fwp%2Fv2%2Ftags&post=121191"}],"curies":[{"name":"wp","href":"https:\/\/api.w.org\/{rel}","templated":true}]}}