{"id":121554,"date":"2019-11-22T20:29:30","date_gmt":"2019-11-22T18:29:30","guid":{"rendered":"http:\/\/sana.sy\/es\/?p=121554"},"modified":"2019-11-22T20:29:30","modified_gmt":"2019-11-22T18:29:30","slug":"un-civil-resulta-herido-en-nuevo-bombardeo-terrorista-contra-alepo","status":"publish","type":"post","link":"https:\/\/archive.sana.sy\/es\/?p=121554","title":{"rendered":"Un civil resulta herido en nuevo bombardeo terrorista contra Alepo"},"content":{"rendered":"<p style=\"text-align: justify;\"><strong><span style=\"color: #800000;\">Alepo, SANA<\/span><\/strong><\/p>\n<p style=\"text-align: justify;\">Un civil result\u00f3 heridos en nuevos bombardeos perpetrados por grupos terroristas contra la ciudad de Alepo.<\/p>\n<p style=\"text-align: justify;\">Seg\u00fan report\u00f3 el corresponsal de SANA, los terroristas que toman posiciones al oeste y noroeste de Alepo, dispararon varios proyectiles contra el barrio de Hamdaniyeh, lo que caus\u00f3 heridas a un civil y provoc\u00f3 da\u00f1os materiales.<\/p>\n<p style=\"text-align: justify;\">En la v\u00edspera, cinco personas perdieron la vida y otras cuarenta fueron lesionadas en una escalada terroristas contra la ciudad.<\/p>\n<p style=\"text-align: justify;\"><strong><span style=\"color: #0000ff;\">F.M<\/span><\/strong><\/p>\n","protected":false},"excerpt":{"rendered":"<p>Alepo, SANA Un civil result\u00f3 heridos en nuevos bombardeos perpetrados por grupos terroristas contra la ciudad de Alepo. Seg\u00fan report\u00f3 el corresponsal de SANA, los terroristas que toman posiciones al oeste y noroeste de Alepo, dispararon varios proyectiles contra el barrio de Hamdaniyeh, lo que caus\u00f3 heridas a un civil y provoc\u00f3 da\u00f1os materiales. En &hellip;<\/p>\n","protected":false},"author":34,"featured_media":121555,"comment_status":"closed","ping_status":"closed","sticky":false,"template":"","format":"standard","meta":{"footnotes":""},"categories":[597,573,476,7541],"tags":[],"class_list":["post-121554","post","type-post","status-publish","format-standard","has-post-thumbnail","","category-cinta-de-noticias","category-la-realidad-de-los-acontecimientos-en-siria","category-locales","category-ultimas-noticias"],"_links":{"self":[{"href":"https:\/\/archive.sana.sy\/es\/index.php?rest_route=\/wp\/v2\/posts\/121554"}],"collection":[{"href":"https:\/\/archive.sana.sy\/es\/index.php?rest_route=\/wp\/v2\/posts"}],"about":[{"href":"https:\/\/archive.sana.sy\/es\/index.php?rest_route=\/wp\/v2\/types\/post"}],"author":[{"embeddable":true,"href":"https:\/\/archive.sana.sy\/es\/index.php?rest_route=\/wp\/v2\/users\/34"}],"replies":[{"embeddable":true,"href":"https:\/\/archive.sana.sy\/es\/index.php?rest_route=%2Fwp%2Fv2%2Fcomments&post=121554"}],"version-history":[{"count":0,"href":"https:\/\/archive.sana.sy\/es\/index.php?rest_route=\/wp\/v2\/posts\/121554\/revisions"}],"wp:featuredmedia":[{"embeddable":true,"href":"https:\/\/archive.sana.sy\/es\/index.php?rest_route=\/wp\/v2\/media\/121555"}],"wp:attachment":[{"href":"https:\/\/archive.sana.sy\/es\/index.php?rest_route=%2Fwp%2Fv2%2Fmedia&parent=121554"}],"wp:term":[{"taxonomy":"category","embeddable":true,"href":"https:\/\/archive.sana.sy\/es\/index.php?rest_route=%2Fwp%2Fv2%2Fcategories&post=121554"},{"taxonomy":"post_tag","embeddable":true,"href":"https:\/\/archive.sana.sy\/es\/index.php?rest_route=%2Fwp%2Fv2%2Ftags&post=121554"}],"curies":[{"name":"wp","href":"https:\/\/api.w.org\/{rel}","templated":true}]}}