{"id":121557,"date":"2019-11-23T05:00:55","date_gmt":"2019-11-23T03:00:55","guid":{"rendered":"http:\/\/sana.sy\/es\/?p=121557"},"modified":"2023-01-10T15:34:52","modified_gmt":"2023-01-10T13:34:52","slug":"resumen-del-acontecer-sirio-en-las-ultimas-24-horas-5","status":"publish","type":"post","link":"https:\/\/archive.sana.sy\/es\/?p=121557","title":{"rendered":"Resumen del acontecer sirio en las \u00faltimas 24 horas"},"content":{"rendered":"<p style=\"text-align: justify;\"><strong><span style=\"color: #800000;\">Damasco, SANA<\/span><\/strong><\/p>\n<p style=\"text-align: justify;\">Les ofrecemos a continuaci\u00f3n un resumen de las noticias nacionales e internacionales relativas a Siria y difundidas por nuestra agencia en las \u00faltimas 24 horas:<\/p>\n<p style=\"text-align: justify;\"><span style=\"color: #0000ff;\"><strong>Vicepresidente de China ratifica apoyo de su pa\u00eds a Siria en la lucha contra el terrorismo<\/strong><\/span><\/p>\n<p style=\"text-align: justify;\">El Secretario General Adjunto del Partido \u201cBaath\u201d Socialista \u00c1rabe, Hilal al-Hilal, se reuni\u00f3 en la capital china Beijing, con el vicepresidente de la Rep\u00fablica Popular China, Wang Qishan, y discuti\u00f3 con \u00e9l, las relaciones de amistad entre los dos pa\u00edses.<\/p>\n<p style=\"text-align: justify;\">Wang transmiti\u00f3 los saludos del presidente chino Xi Jinping al presidente Bashar al-Assad y ratific\u00f3 la postura china de apoyo a Siria en la guerra contra el terrorismo global y las fuerzas imperialistas que intentaron derrocar y fragmentar a Siria e imponer el control sobre la regi\u00f3n.<\/p>\n<p style=\"text-align: justify;\">Afirm\u00f3 que la victoria de Siria despu\u00e9s de nueve a\u00f1os de guerra muestra su fuerza y grandeza.<\/p>\n<p style=\"text-align: justify;\">Por su parte, al-Hilal transmiti\u00f3 los saludos del presidente al-Assad a su hom\u00f3logo chino, y se\u00f1al\u00f3 que los pa\u00edses imperialistas dirigidos por Estados Unidos y sus aliados, quer\u00edan derrocar a Siria y fragmentarla e imponer su hegemon\u00eda para lograr sus propios intereses y agendas a expensas de los intereses de los pueblos.<\/p>\n<p style=\"text-align: justify;\"><strong><span style=\"color: #0000ff;\">Siria presenta su plan nacional de educaci\u00f3n ante la conferencia de la UNESCO<\/span><\/strong><\/p>\n<p style=\"text-align: justify;\">Siria participa en el cuadrag\u00e9simo per\u00edodo de la Conferencia General de la Organizaci\u00f3n de las Naciones Unidas para la Educaci\u00f3n, la Ciencia y la Cultura (UNESCO), que concluir\u00e1 el 27 de este mes en Par\u00eds, Francia.<\/p>\n<p style=\"text-align: justify;\">Al margen de la conferencia, el Ministro de Educaci\u00f3n, Imad Al-Azeb, entreg\u00f3 al Subdirector General de Educaci\u00f3n de la UNESCO, Stefania Giannini, el plan nacional de educaci\u00f3n en la Rep\u00fablica \u00c1rabe Siria.<\/p>\n<p style=\"text-align: justify;\">Ofreci\u00f3 una presentaci\u00f3n sobre los grandes esfuerzos del gobierno sirio para continuar el proceso educativo, restaurar las escuelas destruidas por el terrorismo y dar cabida a todos los estudiantes con evasi\u00f3n escolar, mejorar el entorno educativo y desarrollar los planes de estudio.<\/p>\n<p style=\"text-align: justify;\">El ministro al-Azeb y la delegaci\u00f3n que lo acompa\u00f1a tambi\u00e9n sostuvieron una extensa reuni\u00f3n con el subdirector general del sector cultural de la organizaci\u00f3n, Ernesto Aton, durante la cual subray\u00f3 la necesidad de trabajar por la devoluci\u00f3n de antig\u00fcedades sirias robadas por organizaciones armadas y detener sus excavaciones ilegales.<\/p>\n<p style=\"text-align: justify;\">Expres\u00f3 que el gobierno sirio est\u00e1 dispuesto a proporcionar el apoyo necesario a los expertos y especialistas de la organizaci\u00f3n en esta \u00e1rea.<\/p>\n<p style=\"text-align: justify;\">En reuniones con representantes de Egipto, Bahr\u00e9in, EAU, Rusia, Ecuador, Venezuela y Portugal ante la UNESCO, el ministro de Educaci\u00f3n subray\u00f3 el constante af\u00e1n de Siria por acatar las normas del derecho internacional y sus convenciones.<\/p>\n<p style=\"text-align: justify;\">Indic\u00f3 que la participaci\u00f3n de Siria en la conferencia emerge del ejercicio del derecho de un Estado miembro y fundador de la Organizaci\u00f3n Internacional.<\/p>\n<p style=\"text-align: justify;\">Por su parte, los delegados de los pa\u00edses apreciaron la posici\u00f3n de Siria y su compromiso de participar en la conferencia a pesar del intento del gobierno franc\u00e9s de bloquear los visados de entrada de la delegaci\u00f3n siria en contravenci\u00f3n del Acuerdo de la Sede firmado.<\/p>\n<p style=\"text-align: justify;\"><strong><span style=\"color: #0000ff;\">Jaafari insta ante la ONU a levantar las medidas coercitivas unilaterales impuestas al pueblo sirio<\/span><\/strong><\/p>\n<p style=\"text-align: justify;\">El delegado sirio ante las Naciones Unidas en Nueva York, Bashar Jaafari, inst\u00f3 a levantar las sanciones econ\u00f3micas coercitivas unilaterales impuestas por algunos pa\u00edses al pueblo sirio.<\/p>\n<p style=\"text-align: justify;\">En una reuni\u00f3n de la Segunda Comisi\u00f3n de la Asamblea General de las Naciones Unidas que se celebr\u00f3 bajo el t\u00edtulo: \u201clas medidas econ\u00f3micas unilaterales como medio de coacci\u00f3n pol\u00edtica y econ\u00f3mica contra los pa\u00edses en desarrollo\u201d, Jaafari explic\u00f3 que el pueblo sirio sufri\u00f3 durante d\u00e9cadas y hasta hoy en d\u00eda de las medidas econ\u00f3micas unilaterales que algunos gobiernos imponen.<\/p>\n<p style=\"text-align: justify;\">A\u00f1adi\u00f3 que las secuelas de las sanciones alcanzaron un nivel in\u00e9dito en los \u00faltimos a\u00f1os y tuvieron efectos destructivos sobre la econom\u00eda y el desarrollo en Siria porque acompa\u00f1aron las consecuencias de la guerra terrorista y con pol\u00edticas inmorales de algunos gobiernos para obstaculizar el lanzamiento del proceso de reconstrucci\u00f3n y el regreso de los sirios desplazados a su patria.<\/p>\n<p style=\"text-align: justify;\">Seg\u00fan el diplom\u00e1tico sirio, Siria vot\u00f3 a favor del proyecto de resoluci\u00f3n presentado en la reuni\u00f3n porque lo considera refleja la postura jur\u00eddica y pol\u00edtica de las Naciones Unidas en contra las medidas econ\u00f3micas coercitivas unilaterales, que constituyen un castigo colectivo para los pueblos de algunos pa\u00edses en desarrollo, socavan el sistema de las Naciones Unidas y forman un estorbo ante el logro de los objetivos del Plan de Desarrollo sostenible en 2030.<\/p>\n<p style=\"text-align: justify;\">Jaafari llam\u00f3 al Secretario General a supervisar las medidas econ\u00f3micas unilaterales como medio de coacci\u00f3n pol\u00edtica y econ\u00f3mica y dar seguimiento a sus efectos e implicaciones sobre el desarrollo sostenible.<\/p>\n<p style=\"text-align: justify;\">Manifest\u00f3 que \u201clo que necesitamos hoy en d\u00eda son mecanismos reales y r\u00e1pidos para aplicar las recomendaciones de las Naciones Unidas que buscan justicia para las v\u00edctimas de estas acciones y garantizar que los gobiernos de los estados miembros que recurren al bloqueo econ\u00f3mico ilegal rindan cuentas por sus responsabilidades pol\u00edticas, jur\u00eddicas y financieras causadas por estas acciones.<\/p>\n<p style=\"text-align: justify;\"><strong><span style=\"color: #0000ff;\">Muertos y heridos en un nuevo ataque turco contra el campo de Hasakeh<\/span><\/strong><\/p>\n<p style=\"text-align: justify;\">Varios civiles perdieron la vida y otros resultaron heridos en un nuevo ataque de las fuerzas de ocupaci\u00f3n turca y sus mercenarios contra el campo del municipio de Ras al-Ain.<\/p>\n<p style=\"text-align: justify;\">En paralelo, dichas fuerzas refuerzan su presencia en el territorio sirio por medio del env\u00edo de materiales log\u00edsticos a sus puntos en el campo de la ciudad mientras sus mercenarios contin\u00faan sus cr\u00edmenes contra la poblaci\u00f3n y sus propiedades al noroeste de la provincia de Hasakeh.<br \/>\nSeg\u00fan report\u00f3 el corresponsal de SANA, las fuerzas de ocupaci\u00f3n turcas y sus mercenarios atacaron con morteros y drones las aldeas de Tal al-Ward y Al-Rabiaat.<\/p>\n<p style=\"text-align: justify;\">El ataque caus\u00f3 la muerte de varios civiles e hiri\u00f3 a otros mientras dos fueron asesinados a tiros en la aldea de al-Arisha en el campo de Ras al-Ain a manos de una banda leal al r\u00e9gimen de Erdogan.<\/p>\n<p style=\"text-align: justify;\">Asimismo, entraron camiones cargados con cuartos prefabricados y materiales log\u00edsticos desde Turqu\u00eda para reforzar los puntos militares turcos, en particular tras el establecimiento de una posici\u00f3n nueva en la aldea de Mala-Nuri.<\/p>\n<p style=\"text-align: justify;\">Por otro lado, y en el contexto de sus pr\u00e1cticas criminales, fuerzas de ocupaci\u00f3n turcas y sus mercenarios robaron transformadores de electricidad y bienes de los pobladores de las aldeas de Um Debs y Salhia en el campo de Ras al-Ain, y tambi\u00e9n los postes de la red el\u00e9ctrica entre las aldeas en el campo de Ras al-Ain y los transportaron hacia el territorio turco.<\/p>\n<p style=\"text-align: justify;\"><strong><span style=\"color: #0000ff;\">Comienza la construcci\u00f3n del primer inmueble de Marota City al sur de Damasco<\/span> <\/strong><\/p>\n<p style=\"text-align: justify;\">Comienza la reconstrucci\u00f3n en Siria con la primera obra de vertido de hormig\u00f3n para los cimientos del primer edificio en la ciudad de Marota al sureste del Mazzeh en Damasco.<\/p>\n<p style=\"text-align: justify;\">Riad Diab, gerente de ejecuci\u00f3n del proyecto, se\u00f1al\u00f3 este es el primer edificio en obtener un permiso de construcci\u00f3n de 123 inmuebles y cuyos propietarios obtuvieron aprobaciones de dise\u00f1o arquitect\u00f3nico.<\/p>\n<p style=\"text-align: justify;\">Por su parte, Ibrahim Diab, director de Organizaci\u00f3n y Planificaci\u00f3n urbano en la gobernaci\u00f3n de Damasco, explic\u00f3 que la provincia proporciona facilidades a los propietarios de los edificios para aliviar cargas financieras en la concesi\u00f3n de permisos constructivos.<\/p>\n<p style=\"text-align: justify;\">A su vez, Kamal al-Shamat, encargado de la implementaci\u00f3n de las obras precis\u00f3 que el edificio consta de 12 plantas con 38 apartamentos.<\/p>\n<p style=\"text-align: justify;\">La ciudad Marota cubre 214 hect\u00e1reas, incluyendo Kafer Sousa y Al Mazzeh, y comprende 186 torres residenciales con alturas que van desde 11 a 22 plantas y 33 inmuebles comerciales de hasta 50 plantas.<\/p>\n<p style=\"text-align: justify;\">Cabe resaltar que el 80 por ciento de las obras de infraestructura de la ciudad Marota est\u00e1n concluidas.<\/p>\n<p style=\"text-align: justify;\"><strong><span style=\"color: #0000ff;\">Pr\u00f3xima ronda de conversaciones Astan\u00e1 se celebrar\u00e1 los d\u00edas 10 y 11 del pr\u00f3ximo mes<\/span><\/strong><\/p>\n<p style=\"text-align: justify;\">El Ministro de Exteriores de Kazajst\u00e1n, Mukhtar Tleuberdi, anunci\u00f3 que la pr\u00f3xima ronda de conversaciones de Astan\u00e1 sobre la crisis en Siria se celebrar\u00e1 en la capital kazaja Nursultan los d\u00edas 10 y 11 del pr\u00f3ximo mes.<\/p>\n<p style=\"text-align: justify;\">\u201cLas conversaciones en Astan\u00e1 est\u00e1n programadas para el 10 al 11 del pr\u00f3ximo mes\u201d, dijo Tleuberdi a los periodistas, y agreg\u00f3 que \u201cfue recibida una confirmaci\u00f3n oficial para esta fecha\u201d.<\/p>\n<p style=\"text-align: justify;\">Las reuniones de Astan\u00e1 comenzaron en la capital kazaja a principios del 2017 y celebraron hasta la fecha unas 13 reuniones, una de ellas en la ciudad rusa Sochi.<\/p>\n<p style=\"text-align: justify;\">Todas las reuniones afirmaron el compromiso con preservar la soberan\u00eda, independencia e integridad territorial de Siria y continuar la guerra contra las organizaciones terroristas hasta su definitiva derrota.<\/p>\n<p style=\"text-align: justify;\"><strong><span style=\"color: #0000ff;\">Distribuyen ayuda alimentaria rusa a las familias desplazadas en Hasakeh<\/span><\/strong><\/p>\n<p style=\"text-align: justify;\">Con el fin de aliviar la situaci\u00f3n de los desplazados en el campo septentrional de la provincia de Hasakeh como resultado de la agresi\u00f3n del r\u00e9gimen turco y sus mercenarios, fueron distribuidos donativos alimentarios proporcionados por el gobierno ruso en cooperaci\u00f3n con la Gobernaci\u00f3n de Hasakeh.<\/p>\n<p style=\"text-align: justify;\">El coronel Alexander Shoff, supervisor de operaciones de distribuci\u00f3n, confirm\u00f3 en una declaraci\u00f3n a SANA que \u201cla asistencia se presta en un marco humanitario para ayudar a los desplazados de la ciudad de Hasakeh y como expresi\u00f3n de la profunda amistad entre los pueblos sirio y ruso\u201d.<\/p>\n<p style=\"text-align: justify;\">Detall\u00f3 que \u201cla ayuda incluye 1.000 raciones de alimentos y v\u00edveres\u201d.<\/p>\n<p style=\"text-align: justify;\">Issam al-Hussein, director de Asuntos Sociales y Trabajo, dijo que \u201cla asistencia alimentaria es una contribuci\u00f3n del gobierno ruso a la poblaci\u00f3n de la provincia de Hasakeh que fue desplazada con el fin de aliviar sus penurias y apoyar los esfuerzos de socorro del gobierno a este respecto que no escatim\u00f3 esfuerzos desde los primeros momentos de la agresi\u00f3n para proporcionar todas las necesidades a los desplazados y asegurar refugios temporales\u201d.<\/p>\n<p style=\"text-align: justify;\">\u201cEl n\u00famero de familias desplazadas del campo septentrional ha llegado a unas 19.000 familias que viven en 84 refugios temporales, y la Direcci\u00f3n, en cooperaci\u00f3n con organizaciones internacionales, organismos y organizaciones ben\u00e9ficas, ha distribuido 65.000 cestas de alimentos y 77.000 raciones de comida, 36.000 colchones, 106.000 mantas, s\u00e1banas sanitarias, varias cocinas, tanques de agua, sillas de ruedas y muchos servicios m\u00e9dicos para familias desplazadas, desde el comienzo de la agresi\u00f3n turca el 19 de octubre\u201d, dijo al-Hussein.<\/p>\n<p style=\"text-align: justify;\"><strong><span style=\"color: #0000ff;\">Empresarios oman\u00edes pretenden hacer inversiones tur\u00edsticas en provincia de Latakia<\/span><\/strong><\/p>\n<p style=\"text-align: justify;\">Una delegaci\u00f3n empresarial oman\u00ed, encabezada por Mohamed Al-Khaldi, jefe del Grupo \u201cNAS\u201d para inversiones inmobiliarias y tur\u00edsticas, examin\u00f3 las posibilidades disponibles de inversi\u00f3n en la provincia costera de Latakia, en particular en el campo de turismo.<\/p>\n<p style=\"text-align: justify;\">La delegaci\u00f3n visit\u00f3 varios sitios planteados a la inversi\u00f3n en la costa de Latakia y la ciudad de Kasab.<\/p>\n<p style=\"text-align: justify;\">Al-Khaldi declar\u00f3 a SANA que la visita de su grupo para indagar inversiones en Siria se produce en el marco de las relaciones fraternales entre los dos pa\u00edses, y esper\u00f3 que la estabilidad reine en todas las regiones sirias.<\/p>\n<p style=\"text-align: justify;\">El empresario oman\u00ed asegur\u00f3 que se reuni\u00f3 con los responsables en el sector de inversi\u00f3n en Latakia, con quienes examin\u00f3 la posibilidad de establecer proyectos industriales, sobre todo el tratamiento de los desechos s\u00f3lidos.<\/p>\n<p style=\"text-align: justify;\"><strong><span style=\"color: #0000ff;\">Un civil resulta herido en nuevo bombardeo terrorista contra Alepo<\/span><\/strong><\/p>\n<p style=\"text-align: justify;\">Un civil result\u00f3 heridos en nuevos bombardeos perpetrados por grupos terroristas contra la ciudad de Alepo.<\/p>\n<p style=\"text-align: justify;\">Seg\u00fan report\u00f3 el corresponsal de SANA, los terroristas que toman posiciones al oeste y noroeste de Alepo, dispararon varios proyectiles contra el barrio de Hamdaniyeh, lo que caus\u00f3 heridas a un civil y provoc\u00f3 da\u00f1os materiales.<\/p>\n<p style=\"text-align: justify;\">En la v\u00edspera, cinco personas perdieron la vida y otras cuarenta fueron lesionadas en una escalada terroristas contra la ciudad.<\/p>\n<p style=\"text-align: justify;\"><strong><span style=\"color: #0000ff;\">F.M<\/span><\/strong><\/p>\n","protected":false},"excerpt":{"rendered":"<p>Damasco, SANA Les ofrecemos a continuaci\u00f3n un resumen de las noticias nacionales e internacionales relativas a Siria y difundidas por nuestra agencia en las \u00faltimas 24 horas: Vicepresidente de China ratifica apoyo de su pa\u00eds a Siria en la lucha contra el terrorismo El Secretario General Adjunto del Partido \u201cBaath\u201d Socialista \u00c1rabe, Hilal al-Hilal, se &hellip;<\/p>\n","protected":false},"author":34,"featured_media":121558,"comment_status":"closed","ping_status":"closed","sticky":false,"template":"","format":"standard","meta":{"footnotes":""},"categories":[447,555,597,476,7541],"tags":[],"class_list":["post-121557","post","type-post","status-publish","format-standard","has-post-thumbnail","","category-local-politica","category-prensa","category-cinta-de-noticias","category-locales","category-ultimas-noticias"],"_links":{"self":[{"href":"https:\/\/archive.sana.sy\/es\/index.php?rest_route=\/wp\/v2\/posts\/121557"}],"collection":[{"href":"https:\/\/archive.sana.sy\/es\/index.php?rest_route=\/wp\/v2\/posts"}],"about":[{"href":"https:\/\/archive.sana.sy\/es\/index.php?rest_route=\/wp\/v2\/types\/post"}],"author":[{"embeddable":true,"href":"https:\/\/archive.sana.sy\/es\/index.php?rest_route=\/wp\/v2\/users\/34"}],"replies":[{"embeddable":true,"href":"https:\/\/archive.sana.sy\/es\/index.php?rest_route=%2Fwp%2Fv2%2Fcomments&post=121557"}],"version-history":[{"count":0,"href":"https:\/\/archive.sana.sy\/es\/index.php?rest_route=\/wp\/v2\/posts\/121557\/revisions"}],"wp:featuredmedia":[{"embeddable":true,"href":"https:\/\/archive.sana.sy\/es\/index.php?rest_route=\/wp\/v2\/media\/121558"}],"wp:attachment":[{"href":"https:\/\/archive.sana.sy\/es\/index.php?rest_route=%2Fwp%2Fv2%2Fmedia&parent=121557"}],"wp:term":[{"taxonomy":"category","embeddable":true,"href":"https:\/\/archive.sana.sy\/es\/index.php?rest_route=%2Fwp%2Fv2%2Fcategories&post=121557"},{"taxonomy":"post_tag","embeddable":true,"href":"https:\/\/archive.sana.sy\/es\/index.php?rest_route=%2Fwp%2Fv2%2Ftags&post=121557"}],"curies":[{"name":"wp","href":"https:\/\/api.w.org\/{rel}","templated":true}]}}