{"id":121896,"date":"2019-11-25T22:05:50","date_gmt":"2019-11-25T20:05:50","guid":{"rendered":"http:\/\/sana.sy\/es\/?p=121896"},"modified":"2019-11-25T22:29:18","modified_gmt":"2019-11-25T20:29:18","slug":"conversaciones-sirio-iranies-en-el-ambito-de-las-obras-publicas-y-vivienda","status":"publish","type":"post","link":"https:\/\/archive.sana.sy\/es\/?p=121896","title":{"rendered":"Conversaciones sirio-iran\u00edes en el \u00e1mbito de las obras p\u00fablicas y vivienda"},"content":{"rendered":"<p>Teher\u00e1n-SANA<\/p>\n<p>El Ministro sirio de Obras P\u00fablicas y Vivienda, Suhail Abdul Latif, examin\u00f3 con el ministro adjunto del canciller iran\u00ed para asuntos diplom\u00e1ticos-econ\u00f3micos, Gholam Reza Ansari, la cooperaci\u00f3n entre Siria e Ir\u00e1n, en particular el \u00e1mbito de Obras p\u00fablicas y vivienda.<\/p>\n<p>Durante la reuni\u00f3n, Abdul Latif afirm\u00f3 la importancia de la cooperaci\u00f3n bilateral a la sombra del embargo y las medidas econ\u00f3micas coercitivas unilaterales impuestas a ambos pa\u00edses, destacando la determinaci\u00f3n de Siria, en colaboraci\u00f3n con sus aliados, de rehabilitar la infraestructura y reconstruir lo que el terrorismo destruy\u00f3.<\/p>\n<p>Por su parte, Ansari llam\u00f3 a trabajar para lograr la integraci\u00f3n econ\u00f3mica.<\/p>\n<p>Ansari agreg\u00f3: &#8220;Como estuvimos al lado de Siria en la lucha contra el terrorismo, estaremos tambi\u00e9n en la reconstrucci\u00f3n de este pa\u00eds&#8221;.<\/p>\n<p>Y.K.<\/p>\n","protected":false},"excerpt":{"rendered":"<p>Teher\u00e1n-SANA El Ministro sirio de Obras P\u00fablicas y Vivienda, Suhail Abdul Latif, examin\u00f3 con el ministro adjunto del canciller iran\u00ed para asuntos diplom\u00e1ticos-econ\u00f3micos, Gholam Reza Ansari, la cooperaci\u00f3n entre Siria e Ir\u00e1n, en particular el \u00e1mbito de Obras p\u00fablicas y vivienda. Durante la reuni\u00f3n, Abdul Latif afirm\u00f3 la importancia de la cooperaci\u00f3n bilateral a la &hellip;<\/p>\n","protected":false},"author":1,"featured_media":121897,"comment_status":"closed","ping_status":"closed","sticky":false,"template":"","format":"standard","meta":{"footnotes":""},"categories":[597,476,7541],"tags":[],"class_list":["post-121896","post","type-post","status-publish","format-standard","has-post-thumbnail","","category-cinta-de-noticias","category-locales","category-ultimas-noticias"],"_links":{"self":[{"href":"https:\/\/archive.sana.sy\/es\/index.php?rest_route=\/wp\/v2\/posts\/121896"}],"collection":[{"href":"https:\/\/archive.sana.sy\/es\/index.php?rest_route=\/wp\/v2\/posts"}],"about":[{"href":"https:\/\/archive.sana.sy\/es\/index.php?rest_route=\/wp\/v2\/types\/post"}],"author":[{"embeddable":true,"href":"https:\/\/archive.sana.sy\/es\/index.php?rest_route=\/wp\/v2\/users\/1"}],"replies":[{"embeddable":true,"href":"https:\/\/archive.sana.sy\/es\/index.php?rest_route=%2Fwp%2Fv2%2Fcomments&post=121896"}],"version-history":[{"count":0,"href":"https:\/\/archive.sana.sy\/es\/index.php?rest_route=\/wp\/v2\/posts\/121896\/revisions"}],"wp:featuredmedia":[{"embeddable":true,"href":"https:\/\/archive.sana.sy\/es\/index.php?rest_route=\/wp\/v2\/media\/121897"}],"wp:attachment":[{"href":"https:\/\/archive.sana.sy\/es\/index.php?rest_route=%2Fwp%2Fv2%2Fmedia&parent=121896"}],"wp:term":[{"taxonomy":"category","embeddable":true,"href":"https:\/\/archive.sana.sy\/es\/index.php?rest_route=%2Fwp%2Fv2%2Fcategories&post=121896"},{"taxonomy":"post_tag","embeddable":true,"href":"https:\/\/archive.sana.sy\/es\/index.php?rest_route=%2Fwp%2Fv2%2Ftags&post=121896"}],"curies":[{"name":"wp","href":"https:\/\/api.w.org\/{rel}","templated":true}]}}