{"id":122066,"date":"2019-11-26T16:35:06","date_gmt":"2019-11-26T14:35:06","guid":{"rendered":"http:\/\/sana.sy\/es\/?p=122066"},"modified":"2023-01-10T15:15:33","modified_gmt":"2023-01-10T13:15:33","slug":"siria-e-iran-acuerdan-blindar-cooperacion-en-materia-de-servicios-publicos-y-construccion-de-viviendas","status":"publish","type":"post","link":"https:\/\/archive.sana.sy\/es\/?p=122066","title":{"rendered":"Siria e Ir\u00e1n acuerdan blindar cooperaci\u00f3n en materia de servicios p\u00fablicos y construcci\u00f3n de viviendas"},"content":{"rendered":"<p style=\"text-align: justify\"><span style=\"color: #800000\">Teher\u00e1n, SANA<\/span><\/p>\n<p style=\"text-align: justify\">El ministro de Obras P\u00fablicas y Viviendas Ing., Suheil Abdulatif, y el titular de Carreteras y Desarrollo Urbano, Ing. Mohammad Islami, firmaron hoy en Teher\u00e1n el programa ejecutivo del memorando de entendimiento rubricado entre los dos pa\u00edses en el marco de la 14\u00aa edici\u00f3n de las sesiones del Comit\u00e9 Superior mixto sirio-iran\u00ed en Damasco.<\/p>\n<p style=\"text-align: justify\">El programa ejecutivo tiene como objetivo consolidar la cooperaci\u00f3n bilateral y lograr avances en las \u00e1reas mencionadas en el memorando de entendimiento que fue suscrito el 28 de enero de 2019 en Damasco en materia de las viviendas, los servicios p\u00fablicos, la implementaci\u00f3n de proyectos de cooperaci\u00f3n conjuntos, y el estudio de los mecanismos de financiarlos y lograr la integraci\u00f3n en el sector de servicios p\u00fablicos y construcci\u00f3n de viviendas.<\/p>\n<p style=\"text-align: justify\">El programa tambi\u00e9n est\u00e1 destinado a brindar las facilitaciones necesarias para crear empresas conjuntas sirio-iran\u00edes con el objetivo de reconstruir unidades de viviendas e implementar proyectos de servicios p\u00fablicos en Siria de acuerdo con las leyes vigentes en los dos pa\u00edses.<\/p>\n<p style=\"text-align: justify\">La instalaci\u00f3n de talleres de trabajo conjuntos para dar a conocer las experiencias de ambos pa\u00edses en las \u00e1reas antes mencionadas, es uno de las metas del programa ejecutivo.<\/p>\n<p style=\"text-align: justify\">Es de se\u00f1alar que el ministro Adbulatif hab\u00eda sostenido hoy el martes una serie de encuentros\u00a0 con altos funcionarios iran\u00edes y representantes de los sectores p\u00fablico y privado de Ir\u00e1n que operan en el campo de servicios p\u00fablicos con el fin de lograr un salto cualitativo en la cooperaci\u00f3n binacional, especialmente en la fase de reconstrucci\u00f3n de Siria.<\/p>\n<p style=\"text-align: justify\">L.A.<\/p>\n","protected":false},"excerpt":{"rendered":"<p>Teher\u00e1n, SANA El ministro de Obras P\u00fablicas y Viviendas Ing., Suheil Abdulatif, y el titular de Carreteras y Desarrollo Urbano, Ing. Mohammad Islami, firmaron hoy en Teher\u00e1n el programa ejecutivo del memorando de entendimiento rubricado entre los dos pa\u00edses en el marco de la 14\u00aa edici\u00f3n de las sesiones del Comit\u00e9 Superior mixto sirio-iran\u00ed en &hellip;<\/p>\n","protected":false},"author":24,"featured_media":122067,"comment_status":"closed","ping_status":"closed","sticky":false,"template":"","format":"standard","meta":{"footnotes":""},"categories":[16686,485,7541],"tags":[],"class_list":["post-122066","post","type-post","status-publish","format-standard","has-post-thumbnail","","category-economia","category-informes-negocios-y-finanzas","category-ultimas-noticias"],"_links":{"self":[{"href":"https:\/\/archive.sana.sy\/es\/index.php?rest_route=\/wp\/v2\/posts\/122066"}],"collection":[{"href":"https:\/\/archive.sana.sy\/es\/index.php?rest_route=\/wp\/v2\/posts"}],"about":[{"href":"https:\/\/archive.sana.sy\/es\/index.php?rest_route=\/wp\/v2\/types\/post"}],"author":[{"embeddable":true,"href":"https:\/\/archive.sana.sy\/es\/index.php?rest_route=\/wp\/v2\/users\/24"}],"replies":[{"embeddable":true,"href":"https:\/\/archive.sana.sy\/es\/index.php?rest_route=%2Fwp%2Fv2%2Fcomments&post=122066"}],"version-history":[{"count":0,"href":"https:\/\/archive.sana.sy\/es\/index.php?rest_route=\/wp\/v2\/posts\/122066\/revisions"}],"wp:featuredmedia":[{"embeddable":true,"href":"https:\/\/archive.sana.sy\/es\/index.php?rest_route=\/wp\/v2\/media\/122067"}],"wp:attachment":[{"href":"https:\/\/archive.sana.sy\/es\/index.php?rest_route=%2Fwp%2Fv2%2Fmedia&parent=122066"}],"wp:term":[{"taxonomy":"category","embeddable":true,"href":"https:\/\/archive.sana.sy\/es\/index.php?rest_route=%2Fwp%2Fv2%2Fcategories&post=122066"},{"taxonomy":"post_tag","embeddable":true,"href":"https:\/\/archive.sana.sy\/es\/index.php?rest_route=%2Fwp%2Fv2%2Ftags&post=122066"}],"curies":[{"name":"wp","href":"https:\/\/api.w.org\/{rel}","templated":true}]}}