{"id":122089,"date":"2019-11-28T05:43:04","date_gmt":"2019-11-28T03:43:04","guid":{"rendered":"http:\/\/sana.sy\/es\/?p=122089"},"modified":"2019-11-28T07:16:03","modified_gmt":"2019-11-28T05:16:03","slug":"delegacion-del-regimen-turco-rechaza-participar-en-cualquier-discusion-sobre-los-principios-nacionales-basicos","status":"publish","type":"post","link":"https:\/\/archive.sana.sy\/es\/?p=122089","title":{"rendered":"Delegaci\u00f3n del r\u00e9gimen turco rechaza participar en cualquier discusi\u00f3n sobre los principios nacionales b\u00e1sicos"},"content":{"rendered":"<p style=\"text-align: justify;\"><span style=\"color: #800000;\">Ginebra, SANA<\/span><\/p>\n<p style=\"text-align: justify;\">La delegaci\u00f3n que representa al gobierno sirio dijo hoy que est\u00e1 dispuesta a debatir los principios nacionales invariables, sin embargo, la delegaci\u00f3n del r\u00e9gimen turco no estuvo de acuerdo y rechaz\u00f3 debatir esas constantes por razones obvias para el pueblo sirio.<\/p>\n<p style=\"text-align: justify;\">Durante dos d\u00edas, no hemos asistido a ninguna sesi\u00f3n debido al rechazo de la delegaci\u00f3n del r\u00e9gimen turco a los principios nacionales que quisimos plantear&#8221;, agreg\u00f3 la delegaci\u00f3n.<\/p>\n<p style=\"text-align: justify;\">Se\u00f1al\u00f3, adem\u00e1s, que la delegaci\u00f3n del r\u00e9gimen turco que est\u00e1 subordinada a sus amos turcos rechaz\u00f3 entablar cualquier discusi\u00f3n sobre los principios nacionales b\u00e1sicos que son de inter\u00e9s para el pueblo sirio.<\/p>\n<p style=\"text-align: justify;\">&#8220;La subordinaci\u00f3n de la delegaci\u00f3n del r\u00e9gimen turco al extranjero hizo que rechazara discutir principios b\u00e1sicos como la independencia, la soberan\u00eda y la lucha contra el terrorismo&#8221;, explic\u00f3.<\/p>\n<p style=\"text-align: justify;\">Concluy\u00f3 que la delegaci\u00f3n oponente es la que rechaz\u00f3 participar en las sesiones al no ser capaz de debatir cuestiones nacionales\u00a0\u00a0como el rechazo a la ocupaci\u00f3n turca y estadounidense y la lucha contra el terrorismo.<\/p>\n<p style=\"text-align: justify;\"><span style=\"color: #0000ff;\">E.D\/ F.M<\/span><\/p>\n","protected":false},"excerpt":{"rendered":"<p>Ginebra, SANA La delegaci\u00f3n que representa al gobierno sirio dijo hoy que est\u00e1 dispuesta a debatir los principios nacionales invariables, sin embargo, la delegaci\u00f3n del r\u00e9gimen turco no estuvo de acuerdo y rechaz\u00f3 debatir esas constantes por razones obvias para el pueblo sirio. Durante dos d\u00edas, no hemos asistido a ninguna sesi\u00f3n debido al rechazo &hellip;<\/p>\n","protected":false},"author":32,"featured_media":122091,"comment_status":"closed","ping_status":"closed","sticky":false,"template":"","format":"standard","meta":{"footnotes":""},"categories":[477,597,476,467,7541],"tags":[17052],"class_list":["post-122089","post","type-post","status-publish","format-standard","has-post-thumbnail","","category-noticias-edulcorantes","category-cinta-de-noticias","category-locales","category-siria-y-el-mundo","category-ultimas-noticias","tag-delegacion-del-regimen-turco-rechaza-participar-en-cualquier-discusion-sobre-los-principios-nacionales-basicos"],"_links":{"self":[{"href":"https:\/\/archive.sana.sy\/es\/index.php?rest_route=\/wp\/v2\/posts\/122089"}],"collection":[{"href":"https:\/\/archive.sana.sy\/es\/index.php?rest_route=\/wp\/v2\/posts"}],"about":[{"href":"https:\/\/archive.sana.sy\/es\/index.php?rest_route=\/wp\/v2\/types\/post"}],"author":[{"embeddable":true,"href":"https:\/\/archive.sana.sy\/es\/index.php?rest_route=\/wp\/v2\/users\/32"}],"replies":[{"embeddable":true,"href":"https:\/\/archive.sana.sy\/es\/index.php?rest_route=%2Fwp%2Fv2%2Fcomments&post=122089"}],"version-history":[{"count":0,"href":"https:\/\/archive.sana.sy\/es\/index.php?rest_route=\/wp\/v2\/posts\/122089\/revisions"}],"wp:featuredmedia":[{"embeddable":true,"href":"https:\/\/archive.sana.sy\/es\/index.php?rest_route=\/wp\/v2\/media\/122091"}],"wp:attachment":[{"href":"https:\/\/archive.sana.sy\/es\/index.php?rest_route=%2Fwp%2Fv2%2Fmedia&parent=122089"}],"wp:term":[{"taxonomy":"category","embeddable":true,"href":"https:\/\/archive.sana.sy\/es\/index.php?rest_route=%2Fwp%2Fv2%2Fcategories&post=122089"},{"taxonomy":"post_tag","embeddable":true,"href":"https:\/\/archive.sana.sy\/es\/index.php?rest_route=%2Fwp%2Fv2%2Ftags&post=122089"}],"curies":[{"name":"wp","href":"https:\/\/api.w.org\/{rel}","templated":true}]}}