{"id":122103,"date":"2019-11-27T15:02:17","date_gmt":"2019-11-27T13:02:17","guid":{"rendered":"http:\/\/sana.sy\/es\/?p=122103"},"modified":"2019-11-27T15:02:17","modified_gmt":"2019-11-27T13:02:17","slug":"un-convoy-de-las-fuerzas-de-ocupacion-de-ee-uu-choca-con-una-autobus-en-la-carretera-de-shadadi-en-el-sur-de-hasakeh-lo-que-causo-heridas-a-varios-civiles","status":"publish","type":"post","link":"https:\/\/archive.sana.sy\/es\/?p=122103","title":{"rendered":"Un convoy de las fuerzas de ocupaci\u00f3n de EE.UU choca con una autob\u00fas en la carretera de Shadadi, en el sur de Hasakeh, lo que caus\u00f3 heridas a varios civiles"},"content":{"rendered":"","protected":false},"excerpt":{"rendered":"","protected":false},"author":32,"featured_media":0,"comment_status":"closed","ping_status":"closed","sticky":false,"template":"","format":"standard","meta":{"footnotes":""},"categories":[596],"tags":[],"class_list":["post-122103","post","type-post","status-publish","format-standard","","category-urgente"],"_links":{"self":[{"href":"https:\/\/archive.sana.sy\/es\/index.php?rest_route=\/wp\/v2\/posts\/122103"}],"collection":[{"href":"https:\/\/archive.sana.sy\/es\/index.php?rest_route=\/wp\/v2\/posts"}],"about":[{"href":"https:\/\/archive.sana.sy\/es\/index.php?rest_route=\/wp\/v2\/types\/post"}],"author":[{"embeddable":true,"href":"https:\/\/archive.sana.sy\/es\/index.php?rest_route=\/wp\/v2\/users\/32"}],"replies":[{"embeddable":true,"href":"https:\/\/archive.sana.sy\/es\/index.php?rest_route=%2Fwp%2Fv2%2Fcomments&post=122103"}],"version-history":[{"count":0,"href":"https:\/\/archive.sana.sy\/es\/index.php?rest_route=\/wp\/v2\/posts\/122103\/revisions"}],"wp:attachment":[{"href":"https:\/\/archive.sana.sy\/es\/index.php?rest_route=%2Fwp%2Fv2%2Fmedia&parent=122103"}],"wp:term":[{"taxonomy":"category","embeddable":true,"href":"https:\/\/archive.sana.sy\/es\/index.php?rest_route=%2Fwp%2Fv2%2Fcategories&post=122103"},{"taxonomy":"post_tag","embeddable":true,"href":"https:\/\/archive.sana.sy\/es\/index.php?rest_route=%2Fwp%2Fv2%2Ftags&post=122103"}],"curies":[{"name":"wp","href":"https:\/\/api.w.org\/{rel}","templated":true}]}}