{"id":122124,"date":"2019-11-27T20:00:24","date_gmt":"2019-11-27T18:00:24","guid":{"rendered":"http:\/\/sana.sy\/es\/?p=122124"},"modified":"2023-01-10T14:35:15","modified_gmt":"2023-01-10T12:35:15","slug":"al-hilal-debate-con-el-comando-del-partido-de-rusia-unida-las-vias-de-impulsar-la-cooperacion-bilateral","status":"publish","type":"post","link":"https:\/\/archive.sana.sy\/es\/?p=122124","title":{"rendered":"Partidos Baath y Rusia Unida repasan v\u00edas de impulsar la cooperaci\u00f3n bilateral"},"content":{"rendered":"<p style=\"text-align: justify;\"><strong><span style=\"color: #800000;\">Mosc\u00fa, SANA<\/span><\/strong><\/p>\n<p style=\"text-align: justify;\">El subsecretario general del Partido al-Baath \u00c1rabe Socialista, Hilal al-Hilal, sostuvo en Mosc\u00fa, conversaciones con la direcci\u00f3n del partido de Rusia Unida.<\/p>\n<p style=\"text-align: justify;\">Durante el encuentro, al-Hilal llam\u00f3 a impulsar el trabajo conjunto entre los dos partidos, especialmente a nivel pol\u00edtico y econ\u00f3mico con el fin de traer beneficio a Siria y Rusia, y hacer frente a las tendencias hostiles de EEUU.<\/p>\n<p style=\"text-align: justify;\">Por su parte, el Secretario del Consejo General del Partido de Rusia Unida, Andr\u00e9i Turchak, destac\u00f3 la importancia de enfocar los esfuerzos conjuntos en los temas econ\u00f3micos y sociales, y manifest\u00f3 la disposici\u00f3n de su partido para consolidar la cooperaci\u00f3n con el Partido al-Baath.<\/p>\n<p style=\"text-align: justify;\">A su vez, Vladimir Blegn, miembro del Consejo General del Partido Rusia Unida, alab\u00f3 la resistencia de Siria y su firmeza ante la guerra terrorista que enfrenta desde hace m\u00e1s de ocho a\u00f1os.<\/p>\n<p style=\"text-align: justify;\">El vicepresidente del Comit\u00e9 de Relaciones Internacionales del Consejo General del partido, Andr\u00e9i Klimov, llam\u00f3 a celebrar una reuni\u00f3n en Siria, en la que participan los partidos parlamentarios con el fin de debatir la injerencia extranjera en los asuntos de los pa\u00edses soberanos, adem\u00e1s de las v\u00edas de frenar la pol\u00edtica colonialista de algunas potencias.<\/p>\n<div id='gallery-1' class='gallery galleryid-122124 gallery-columns-3 gallery-size-thumbnail'><figure class='gallery-item'>\n\t\t\t<div class='gallery-icon landscape'>\n\t\t\t\t<a href='https:\/\/archive.sana.sy\/es\/wp-content\/uploads\/2019\/11\/photo_2019-11-27_18-41-52-scaled.jpg'><img loading=\"lazy\" decoding=\"async\" width=\"150\" height=\"102\" src=\"https:\/\/archive.sana.sy\/es\/wp-content\/uploads\/2019\/11\/photo_2019-11-27_18-41-52-150x102.jpg\" class=\"attachment-thumbnail size-thumbnail\" alt=\"\" srcset=\"https:\/\/archive.sana.sy\/es\/wp-content\/uploads\/2019\/11\/photo_2019-11-27_18-41-52-150x102.jpg 150w, https:\/\/archive.sana.sy\/es\/wp-content\/uploads\/2019\/11\/photo_2019-11-27_18-41-52-300x203.jpg 300w, https:\/\/archive.sana.sy\/es\/wp-content\/uploads\/2019\/11\/photo_2019-11-27_18-41-52-1024x695.jpg 1024w, https:\/\/archive.sana.sy\/es\/wp-content\/uploads\/2019\/11\/photo_2019-11-27_18-41-52-768x521.jpg 768w, https:\/\/archive.sana.sy\/es\/wp-content\/uploads\/2019\/11\/photo_2019-11-27_18-41-52-1536x1042.jpg 1536w, https:\/\/archive.sana.sy\/es\/wp-content\/uploads\/2019\/11\/photo_2019-11-27_18-41-52-2048x1389.jpg 2048w, https:\/\/archive.sana.sy\/es\/wp-content\/uploads\/2019\/11\/photo_2019-11-27_18-41-52-110x75.jpg 110w\" sizes=\"(max-width: 150px) 100vw, 150px\" \/><\/a>\n\t\t\t<\/div><\/figure><figure class='gallery-item'>\n\t\t\t<div class='gallery-icon landscape'>\n\t\t\t\t<a href='https:\/\/archive.sana.sy\/es\/wp-content\/uploads\/2019\/11\/photo_2019-11-27_18-42-01-scaled.jpg'><img loading=\"lazy\" decoding=\"async\" width=\"150\" height=\"102\" src=\"https:\/\/archive.sana.sy\/es\/wp-content\/uploads\/2019\/11\/photo_2019-11-27_18-42-01-150x102.jpg\" class=\"attachment-thumbnail size-thumbnail\" alt=\"\" srcset=\"https:\/\/archive.sana.sy\/es\/wp-content\/uploads\/2019\/11\/photo_2019-11-27_18-42-01-150x102.jpg 150w, https:\/\/archive.sana.sy\/es\/wp-content\/uploads\/2019\/11\/photo_2019-11-27_18-42-01-300x204.jpg 300w, https:\/\/archive.sana.sy\/es\/wp-content\/uploads\/2019\/11\/photo_2019-11-27_18-42-01-1024x696.jpg 1024w, https:\/\/archive.sana.sy\/es\/wp-content\/uploads\/2019\/11\/photo_2019-11-27_18-42-01-768x522.jpg 768w, https:\/\/archive.sana.sy\/es\/wp-content\/uploads\/2019\/11\/photo_2019-11-27_18-42-01-1536x1044.jpg 1536w, https:\/\/archive.sana.sy\/es\/wp-content\/uploads\/2019\/11\/photo_2019-11-27_18-42-01-2048x1392.jpg 2048w, https:\/\/archive.sana.sy\/es\/wp-content\/uploads\/2019\/11\/photo_2019-11-27_18-42-01-110x75.jpg 110w\" sizes=\"(max-width: 150px) 100vw, 150px\" \/><\/a>\n\t\t\t<\/div><\/figure><figure class='gallery-item'>\n\t\t\t<div class='gallery-icon landscape'>\n\t\t\t\t<a href='https:\/\/archive.sana.sy\/es\/wp-content\/uploads\/2019\/11\/photo_2019-11-27_18-42-03-scaled.jpg'><img loading=\"lazy\" decoding=\"async\" width=\"150\" height=\"97\" src=\"https:\/\/archive.sana.sy\/es\/wp-content\/uploads\/2019\/11\/photo_2019-11-27_18-42-03-150x97.jpg\" class=\"attachment-thumbnail size-thumbnail\" alt=\"\" srcset=\"https:\/\/archive.sana.sy\/es\/wp-content\/uploads\/2019\/11\/photo_2019-11-27_18-42-03-150x97.jpg 150w, https:\/\/archive.sana.sy\/es\/wp-content\/uploads\/2019\/11\/photo_2019-11-27_18-42-03-300x194.jpg 300w, https:\/\/archive.sana.sy\/es\/wp-content\/uploads\/2019\/11\/photo_2019-11-27_18-42-03-1024x662.jpg 1024w, https:\/\/archive.sana.sy\/es\/wp-content\/uploads\/2019\/11\/photo_2019-11-27_18-42-03-768x497.jpg 768w, https:\/\/archive.sana.sy\/es\/wp-content\/uploads\/2019\/11\/photo_2019-11-27_18-42-03-1536x994.jpg 1536w, https:\/\/archive.sana.sy\/es\/wp-content\/uploads\/2019\/11\/photo_2019-11-27_18-42-03-2048x1325.jpg 2048w\" sizes=\"(max-width: 150px) 100vw, 150px\" \/><\/a>\n\t\t\t<\/div><\/figure><figure class='gallery-item'>\n\t\t\t<div class='gallery-icon landscape'>\n\t\t\t\t<a href='https:\/\/archive.sana.sy\/es\/wp-content\/uploads\/2019\/11\/photo_2019-11-27_18-42-22-scaled.jpg'><img loading=\"lazy\" decoding=\"async\" width=\"150\" height=\"112\" src=\"https:\/\/archive.sana.sy\/es\/wp-content\/uploads\/2019\/11\/photo_2019-11-27_18-42-22-150x112.jpg\" class=\"attachment-thumbnail size-thumbnail\" alt=\"\" srcset=\"https:\/\/archive.sana.sy\/es\/wp-content\/uploads\/2019\/11\/photo_2019-11-27_18-42-22-150x112.jpg 150w, https:\/\/archive.sana.sy\/es\/wp-content\/uploads\/2019\/11\/photo_2019-11-27_18-42-22-300x225.jpg 300w, https:\/\/archive.sana.sy\/es\/wp-content\/uploads\/2019\/11\/photo_2019-11-27_18-42-22-1024x768.jpg 1024w, https:\/\/archive.sana.sy\/es\/wp-content\/uploads\/2019\/11\/photo_2019-11-27_18-42-22-768x576.jpg 768w, https:\/\/archive.sana.sy\/es\/wp-content\/uploads\/2019\/11\/photo_2019-11-27_18-42-22-1536x1152.jpg 1536w, https:\/\/archive.sana.sy\/es\/wp-content\/uploads\/2019\/11\/photo_2019-11-27_18-42-22-2048x1536.jpg 2048w\" sizes=\"(max-width: 150px) 100vw, 150px\" \/><\/a>\n\t\t\t<\/div><\/figure><figure class='gallery-item'>\n\t\t\t<div class='gallery-icon landscape'>\n\t\t\t\t<a href='https:\/\/archive.sana.sy\/es\/wp-content\/uploads\/2019\/11\/photo_2019-11-27_18-41-29-scaled.jpg'><img loading=\"lazy\" decoding=\"async\" width=\"150\" height=\"85\" src=\"https:\/\/archive.sana.sy\/es\/wp-content\/uploads\/2019\/11\/photo_2019-11-27_18-41-29-150x85.jpg\" class=\"attachment-thumbnail size-thumbnail\" alt=\"\" srcset=\"https:\/\/archive.sana.sy\/es\/wp-content\/uploads\/2019\/11\/photo_2019-11-27_18-41-29-150x85.jpg 150w, https:\/\/archive.sana.sy\/es\/wp-content\/uploads\/2019\/11\/photo_2019-11-27_18-41-29-300x170.jpg 300w, https:\/\/archive.sana.sy\/es\/wp-content\/uploads\/2019\/11\/photo_2019-11-27_18-41-29-1024x579.jpg 1024w, https:\/\/archive.sana.sy\/es\/wp-content\/uploads\/2019\/11\/photo_2019-11-27_18-41-29-768x434.jpg 768w, https:\/\/archive.sana.sy\/es\/wp-content\/uploads\/2019\/11\/photo_2019-11-27_18-41-29-1536x869.jpg 1536w, https:\/\/archive.sana.sy\/es\/wp-content\/uploads\/2019\/11\/photo_2019-11-27_18-41-29-2048x1158.jpg 2048w\" sizes=\"(max-width: 150px) 100vw, 150px\" \/><\/a>\n\t\t\t<\/div><\/figure><figure class='gallery-item'>\n\t\t\t<div class='gallery-icon landscape'>\n\t\t\t\t<a href='https:\/\/archive.sana.sy\/es\/wp-content\/uploads\/2019\/11\/photo_2019-11-27_18-41-37-scaled.jpg'><img loading=\"lazy\" decoding=\"async\" width=\"150\" height=\"86\" src=\"https:\/\/archive.sana.sy\/es\/wp-content\/uploads\/2019\/11\/photo_2019-11-27_18-41-37-150x86.jpg\" class=\"attachment-thumbnail size-thumbnail\" alt=\"\" srcset=\"https:\/\/archive.sana.sy\/es\/wp-content\/uploads\/2019\/11\/photo_2019-11-27_18-41-37-150x86.jpg 150w, https:\/\/archive.sana.sy\/es\/wp-content\/uploads\/2019\/11\/photo_2019-11-27_18-41-37-300x171.jpg 300w, https:\/\/archive.sana.sy\/es\/wp-content\/uploads\/2019\/11\/photo_2019-11-27_18-41-37-1024x585.jpg 1024w, https:\/\/archive.sana.sy\/es\/wp-content\/uploads\/2019\/11\/photo_2019-11-27_18-41-37-768x439.jpg 768w, https:\/\/archive.sana.sy\/es\/wp-content\/uploads\/2019\/11\/photo_2019-11-27_18-41-37-1536x877.jpg 1536w, https:\/\/archive.sana.sy\/es\/wp-content\/uploads\/2019\/11\/photo_2019-11-27_18-41-37-2048x1169.jpg 2048w\" sizes=\"(max-width: 150px) 100vw, 150px\" \/><\/a>\n\t\t\t<\/div><\/figure>\n\t\t<\/div>\n\n<p style=\"text-align: justify;\"><span style=\"color: #0000ff;\"><strong>L.A\/F.M<\/strong><\/span><\/p>\n","protected":false},"excerpt":{"rendered":"<p>Mosc\u00fa, SANA El subsecretario general del Partido al-Baath \u00c1rabe Socialista, Hilal al-Hilal, sostuvo en Mosc\u00fa, conversaciones con la direcci\u00f3n del partido de Rusia Unida. Durante el encuentro, al-Hilal llam\u00f3 a impulsar el trabajo conjunto entre los dos partidos, especialmente a nivel pol\u00edtico y econ\u00f3mico con el fin de traer beneficio a Siria y Rusia, y &hellip;<\/p>\n","protected":false},"author":24,"featured_media":122125,"comment_status":"closed","ping_status":"closed","sticky":false,"template":"","format":"standard","meta":{"footnotes":""},"categories":[447,597,573,467,7541],"tags":[],"class_list":["post-122124","post","type-post","status-publish","format-standard","has-post-thumbnail","","category-local-politica","category-cinta-de-noticias","category-la-realidad-de-los-acontecimientos-en-siria","category-siria-y-el-mundo","category-ultimas-noticias"],"_links":{"self":[{"href":"https:\/\/archive.sana.sy\/es\/index.php?rest_route=\/wp\/v2\/posts\/122124"}],"collection":[{"href":"https:\/\/archive.sana.sy\/es\/index.php?rest_route=\/wp\/v2\/posts"}],"about":[{"href":"https:\/\/archive.sana.sy\/es\/index.php?rest_route=\/wp\/v2\/types\/post"}],"author":[{"embeddable":true,"href":"https:\/\/archive.sana.sy\/es\/index.php?rest_route=\/wp\/v2\/users\/24"}],"replies":[{"embeddable":true,"href":"https:\/\/archive.sana.sy\/es\/index.php?rest_route=%2Fwp%2Fv2%2Fcomments&post=122124"}],"version-history":[{"count":0,"href":"https:\/\/archive.sana.sy\/es\/index.php?rest_route=\/wp\/v2\/posts\/122124\/revisions"}],"wp:featuredmedia":[{"embeddable":true,"href":"https:\/\/archive.sana.sy\/es\/index.php?rest_route=\/wp\/v2\/media\/122125"}],"wp:attachment":[{"href":"https:\/\/archive.sana.sy\/es\/index.php?rest_route=%2Fwp%2Fv2%2Fmedia&parent=122124"}],"wp:term":[{"taxonomy":"category","embeddable":true,"href":"https:\/\/archive.sana.sy\/es\/index.php?rest_route=%2Fwp%2Fv2%2Fcategories&post=122124"},{"taxonomy":"post_tag","embeddable":true,"href":"https:\/\/archive.sana.sy\/es\/index.php?rest_route=%2Fwp%2Fv2%2Ftags&post=122124"}],"curies":[{"name":"wp","href":"https:\/\/api.w.org\/{rel}","templated":true}]}}