{"id":122135,"date":"2019-11-27T15:23:03","date_gmt":"2019-11-27T13:23:03","guid":{"rendered":"http:\/\/sana.sy\/es\/?p=122135"},"modified":"2023-01-10T14:35:15","modified_gmt":"2023-01-10T12:35:15","slug":"15-equipos-sirios-compiten-en-el-campeonato-africano-y-arabe-de-programacion","status":"publish","type":"post","link":"https:\/\/archive.sana.sy\/es\/?p=122135","title":{"rendered":"15 equipos sirios compiten en el Campeonato Africano y \u00c1rabe de Programaci\u00f3n"},"content":{"rendered":"<p style=\"text-align: justify\"><span style=\"color: #800000\">Damasco, SANA<\/span><\/p>\n<p style=\"text-align: justify\">15 equipos sirios participar\u00e1n en la competici\u00f3n de programaci\u00f3n para pa\u00edses \u00e1rabe y africanos a celebrase en la ciudad egipcia de Sharm el-Sheikh los d\u00edas 30 del mes en curos y el primero diciembre.<\/p>\n<p style=\"text-align: justify\">El Organismo de Distinci\u00f3n y Creatividad, que supervisa las competiciones nacionales de programaci\u00f3n, inform\u00f3 en un comunicado que 140 equipos de 70 universidades participan en esta competici\u00f3n, precisando que Siria ser\u00e1 representada por estudiantes de las universidades de Damasco, Baath, Tishreen, Alepo, la Universidad Virtual, el Instituto Superior de Ciencias y Tecnolog\u00eda Aplicadas.<\/p>\n<p style=\"text-align: justify\">Los equipos ganadores se calificar\u00e1n para el Campeonato Mundial de Programaci\u00f3n que tendr\u00e1 lugar en Rusia en 2020, agreg\u00f3 el comunicado.<\/p>\n<p style=\"text-align: justify\">Cabe recordar que el equipo de la Universidad Virtual de Siria \/ Radio Active \/ gan\u00f3 el a\u00f1o pasado el primer lugar en el mismo campeonato, as\u00ed como ocup\u00f3 el puesto 21 a nivel mundial en el Campeonato Mundial de Programaci\u00f3n celebrado el pasado mes de abril en la ciudad portuguesa de Porto.<\/p>\n<p style=\"text-align: justify\">\nL.A.<\/p>\n","protected":false},"excerpt":{"rendered":"<p>Damasco, SANA 15 equipos sirios participar\u00e1n en la competici\u00f3n de programaci\u00f3n para pa\u00edses \u00e1rabe y africanos a celebrase en la ciudad egipcia de Sharm el-Sheikh los d\u00edas 30 del mes en curos y el primero diciembre. El Organismo de Distinci\u00f3n y Creatividad, que supervisa las competiciones nacionales de programaci\u00f3n, inform\u00f3 en un comunicado que 140 &hellip;<\/p>\n","protected":false},"author":24,"featured_media":122136,"comment_status":"closed","ping_status":"closed","sticky":false,"template":"","format":"standard","meta":{"footnotes":""},"categories":[447,510,515,467,7541],"tags":[],"class_list":["post-122135","post","type-post","status-publish","format-standard","has-post-thumbnail","","category-local-politica","category-arte-y-cultura","category-noticias-arte-y-cultura","category-siria-y-el-mundo","category-ultimas-noticias"],"_links":{"self":[{"href":"https:\/\/archive.sana.sy\/es\/index.php?rest_route=\/wp\/v2\/posts\/122135"}],"collection":[{"href":"https:\/\/archive.sana.sy\/es\/index.php?rest_route=\/wp\/v2\/posts"}],"about":[{"href":"https:\/\/archive.sana.sy\/es\/index.php?rest_route=\/wp\/v2\/types\/post"}],"author":[{"embeddable":true,"href":"https:\/\/archive.sana.sy\/es\/index.php?rest_route=\/wp\/v2\/users\/24"}],"replies":[{"embeddable":true,"href":"https:\/\/archive.sana.sy\/es\/index.php?rest_route=%2Fwp%2Fv2%2Fcomments&post=122135"}],"version-history":[{"count":0,"href":"https:\/\/archive.sana.sy\/es\/index.php?rest_route=\/wp\/v2\/posts\/122135\/revisions"}],"wp:featuredmedia":[{"embeddable":true,"href":"https:\/\/archive.sana.sy\/es\/index.php?rest_route=\/wp\/v2\/media\/122136"}],"wp:attachment":[{"href":"https:\/\/archive.sana.sy\/es\/index.php?rest_route=%2Fwp%2Fv2%2Fmedia&parent=122135"}],"wp:term":[{"taxonomy":"category","embeddable":true,"href":"https:\/\/archive.sana.sy\/es\/index.php?rest_route=%2Fwp%2Fv2%2Fcategories&post=122135"},{"taxonomy":"post_tag","embeddable":true,"href":"https:\/\/archive.sana.sy\/es\/index.php?rest_route=%2Fwp%2Fv2%2Ftags&post=122135"}],"curies":[{"name":"wp","href":"https:\/\/api.w.org\/{rel}","templated":true}]}}