{"id":122139,"date":"2019-11-27T15:30:17","date_gmt":"2019-11-27T13:30:17","guid":{"rendered":"http:\/\/sana.sy\/es\/?p=122139"},"modified":"2023-01-10T14:35:15","modified_gmt":"2023-01-10T12:35:15","slug":"lanzan-proyecto-biblioteca-nacional-de-cine-con-motivo-del-dia-nacional-de-cultura","status":"publish","type":"post","link":"https:\/\/archive.sana.sy\/es\/?p=122139","title":{"rendered":"Lanzan la Biblioteca Nacional del Cine con motivo del D\u00eda Nacional de Cultura"},"content":{"rendered":"<p style=\"text-align: justify;\"><strong><span style=\"color: #800000;\">Damasco, SANA<\/span><\/strong><\/p>\n<p style=\"text-align: justify;\">En el marco de las actividades del Ministerio de Cultura por el D\u00eda Nacional de Cultura, la Instituci\u00f3n del Cine sirio lanz\u00f3 el proyecto Cinematec o la \u201cBiblioteca Nacional de Cine\u201d, en el cine Kendi de la capital Damasco.<\/p>\n<p style=\"text-align: justify;\">Este proyecto tiene como objetivo proteger el archivo hist\u00f3rico del cine sirio que contiene pel\u00edculas antiguas que tratan todos los aspectos de la vida pol\u00edtica, econ\u00f3mica y art\u00edstica.<\/p>\n<p style=\"text-align: justify;\">Murad Shahin, Director de la Instituci\u00f3n, confirm\u00f3 que su ente decidi\u00f3 participar en las actividades del D\u00eda de Cultura con un proyecto cuya importancia reside en ser un almac\u00e9n de la memoria visual cinematogr\u00e1fica siria e internacional, as\u00ed como una referencia a disposici\u00f3n de los amantes de la pantalla dorada.<\/p>\n<p style=\"text-align: justify;\">Murad explic\u00f3 que la biblioteca de cine permite a los amantes del s\u00e9ptimo arte estar al tanto de todas las corrientes y personajes del cine y ver las pel\u00edculas con las mejores condiciones.<\/p>\n<p style=\"text-align: justify;\">Nabil Hamam, director del proyecto, explic\u00f3 que Cinematec tiene como objetivo preservar el patrimonio cinematogr\u00e1fico que existe en Siria, ya sean pel\u00edculas sirias o internacionales, modernas y antiguas.<\/p>\n<p style=\"text-align: justify;\">Seg\u00fan el cr\u00edtico y cineasta Nidal Kouchaha, el proyecto cuenta con una enorme base de datos cinematogr\u00e1ficos y clasifica las pel\u00edculas por su t\u00edtulo, g\u00e9nero, director y productor para facilitar el proceso de b\u00fasqueda.<\/p>\n<div id='gallery-1' class='gallery galleryid-122139 gallery-columns-3 gallery-size-thumbnail'><figure class='gallery-item'>\n\t\t\t<div class='gallery-icon landscape'>\n\t\t\t\t<a href='https:\/\/archive.sana.sy\/es\/wp-content\/uploads\/2019\/11\/Cinematec-6.jpg'><img loading=\"lazy\" decoding=\"async\" width=\"150\" height=\"90\" src=\"https:\/\/archive.sana.sy\/es\/wp-content\/uploads\/2019\/11\/Cinematec-6-150x90.jpg\" class=\"attachment-thumbnail size-thumbnail\" alt=\"\" srcset=\"https:\/\/archive.sana.sy\/es\/wp-content\/uploads\/2019\/11\/Cinematec-6-150x90.jpg 150w, https:\/\/archive.sana.sy\/es\/wp-content\/uploads\/2019\/11\/Cinematec-6-300x180.jpg 300w, https:\/\/archive.sana.sy\/es\/wp-content\/uploads\/2019\/11\/Cinematec-6-1024x613.jpg 1024w, https:\/\/archive.sana.sy\/es\/wp-content\/uploads\/2019\/11\/Cinematec-6-768x460.jpg 768w, https:\/\/archive.sana.sy\/es\/wp-content\/uploads\/2019\/11\/Cinematec-6-1536x920.jpg 1536w, https:\/\/archive.sana.sy\/es\/wp-content\/uploads\/2019\/11\/Cinematec-6-2048x1226.jpg 2048w\" sizes=\"(max-width: 150px) 100vw, 150px\" \/><\/a>\n\t\t\t<\/div><\/figure><figure class='gallery-item'>\n\t\t\t<div class='gallery-icon landscape'>\n\t\t\t\t<a href='https:\/\/archive.sana.sy\/es\/wp-content\/uploads\/2019\/11\/Cinematec-5.jpg'><img loading=\"lazy\" decoding=\"async\" width=\"150\" height=\"63\" src=\"https:\/\/archive.sana.sy\/es\/wp-content\/uploads\/2019\/11\/Cinematec-5-150x63.jpg\" class=\"attachment-thumbnail size-thumbnail\" alt=\"\" srcset=\"https:\/\/archive.sana.sy\/es\/wp-content\/uploads\/2019\/11\/Cinematec-5-150x63.jpg 150w, https:\/\/archive.sana.sy\/es\/wp-content\/uploads\/2019\/11\/Cinematec-5-300x126.jpg 300w, https:\/\/archive.sana.sy\/es\/wp-content\/uploads\/2019\/11\/Cinematec-5-1024x428.jpg 1024w, https:\/\/archive.sana.sy\/es\/wp-content\/uploads\/2019\/11\/Cinematec-5-768x321.jpg 768w, https:\/\/archive.sana.sy\/es\/wp-content\/uploads\/2019\/11\/Cinematec-5-1536x643.jpg 1536w, https:\/\/archive.sana.sy\/es\/wp-content\/uploads\/2019\/11\/Cinematec-5-2048x857.jpg 2048w\" sizes=\"(max-width: 150px) 100vw, 150px\" \/><\/a>\n\t\t\t<\/div><\/figure><figure class='gallery-item'>\n\t\t\t<div class='gallery-icon landscape'>\n\t\t\t\t<a href='https:\/\/archive.sana.sy\/es\/wp-content\/uploads\/2019\/11\/Cinematec-4.jpg'><img loading=\"lazy\" decoding=\"async\" width=\"150\" height=\"74\" src=\"https:\/\/archive.sana.sy\/es\/wp-content\/uploads\/2019\/11\/Cinematec-4-150x74.jpg\" class=\"attachment-thumbnail size-thumbnail\" alt=\"\" srcset=\"https:\/\/archive.sana.sy\/es\/wp-content\/uploads\/2019\/11\/Cinematec-4-150x74.jpg 150w, https:\/\/archive.sana.sy\/es\/wp-content\/uploads\/2019\/11\/Cinematec-4-300x149.jpg 300w, https:\/\/archive.sana.sy\/es\/wp-content\/uploads\/2019\/11\/Cinematec-4-1024x507.jpg 1024w, https:\/\/archive.sana.sy\/es\/wp-content\/uploads\/2019\/11\/Cinematec-4-768x380.jpg 768w, https:\/\/archive.sana.sy\/es\/wp-content\/uploads\/2019\/11\/Cinematec-4-1536x761.jpg 1536w, https:\/\/archive.sana.sy\/es\/wp-content\/uploads\/2019\/11\/Cinematec-4-2048x1014.jpg 2048w, https:\/\/archive.sana.sy\/es\/wp-content\/uploads\/2019\/11\/Cinematec-4-660x330.jpg 660w, https:\/\/archive.sana.sy\/es\/wp-content\/uploads\/2019\/11\/Cinematec-4-1050x525.jpg 1050w\" sizes=\"(max-width: 150px) 100vw, 150px\" \/><\/a>\n\t\t\t<\/div><\/figure><figure class='gallery-item'>\n\t\t\t<div class='gallery-icon landscape'>\n\t\t\t\t<a href='https:\/\/archive.sana.sy\/es\/wp-content\/uploads\/2019\/11\/Cinematec-3.jpg'><img loading=\"lazy\" decoding=\"async\" width=\"150\" height=\"73\" src=\"https:\/\/archive.sana.sy\/es\/wp-content\/uploads\/2019\/11\/Cinematec-3-150x73.jpg\" class=\"attachment-thumbnail size-thumbnail\" alt=\"\" srcset=\"https:\/\/archive.sana.sy\/es\/wp-content\/uploads\/2019\/11\/Cinematec-3-150x73.jpg 150w, https:\/\/archive.sana.sy\/es\/wp-content\/uploads\/2019\/11\/Cinematec-3-300x146.jpg 300w, https:\/\/archive.sana.sy\/es\/wp-content\/uploads\/2019\/11\/Cinematec-3-1024x500.jpg 1024w, https:\/\/archive.sana.sy\/es\/wp-content\/uploads\/2019\/11\/Cinematec-3-768x375.jpg 768w, https:\/\/archive.sana.sy\/es\/wp-content\/uploads\/2019\/11\/Cinematec-3-1536x749.jpg 1536w, https:\/\/archive.sana.sy\/es\/wp-content\/uploads\/2019\/11\/Cinematec-3-2048x999.jpg 2048w\" sizes=\"(max-width: 150px) 100vw, 150px\" \/><\/a>\n\t\t\t<\/div><\/figure><figure class='gallery-item'>\n\t\t\t<div class='gallery-icon landscape'>\n\t\t\t\t<a href='https:\/\/archive.sana.sy\/es\/wp-content\/uploads\/2019\/11\/Cinematec-2.jpg'><img loading=\"lazy\" decoding=\"async\" width=\"150\" height=\"77\" src=\"https:\/\/archive.sana.sy\/es\/wp-content\/uploads\/2019\/11\/Cinematec-2-150x77.jpg\" class=\"attachment-thumbnail size-thumbnail\" alt=\"\" srcset=\"https:\/\/archive.sana.sy\/es\/wp-content\/uploads\/2019\/11\/Cinematec-2-150x77.jpg 150w, https:\/\/archive.sana.sy\/es\/wp-content\/uploads\/2019\/11\/Cinematec-2-300x154.jpg 300w, https:\/\/archive.sana.sy\/es\/wp-content\/uploads\/2019\/11\/Cinematec-2-1024x525.jpg 1024w, https:\/\/archive.sana.sy\/es\/wp-content\/uploads\/2019\/11\/Cinematec-2-768x394.jpg 768w, https:\/\/archive.sana.sy\/es\/wp-content\/uploads\/2019\/11\/Cinematec-2-1536x788.jpg 1536w, https:\/\/archive.sana.sy\/es\/wp-content\/uploads\/2019\/11\/Cinematec-2-2048x1050.jpg 2048w\" sizes=\"(max-width: 150px) 100vw, 150px\" \/><\/a>\n\t\t\t<\/div><\/figure><figure class='gallery-item'>\n\t\t\t<div class='gallery-icon landscape'>\n\t\t\t\t<a href='https:\/\/archive.sana.sy\/es\/wp-content\/uploads\/2019\/11\/Cinematec-1.jpg'><img loading=\"lazy\" decoding=\"async\" width=\"150\" height=\"75\" src=\"https:\/\/archive.sana.sy\/es\/wp-content\/uploads\/2019\/11\/Cinematec-1-150x75.jpg\" class=\"attachment-thumbnail size-thumbnail\" alt=\"\" srcset=\"https:\/\/archive.sana.sy\/es\/wp-content\/uploads\/2019\/11\/Cinematec-1-150x75.jpg 150w, https:\/\/archive.sana.sy\/es\/wp-content\/uploads\/2019\/11\/Cinematec-1-300x150.jpg 300w, https:\/\/archive.sana.sy\/es\/wp-content\/uploads\/2019\/11\/Cinematec-1.jpg 660w\" sizes=\"(max-width: 150px) 100vw, 150px\" \/><\/a>\n\t\t\t<\/div><\/figure>\n\t\t<\/div>\n\n<p style=\"text-align: justify;\"><span style=\"color: #0000ff;\"><strong>L.A\/F.M<\/strong><\/span><\/p>\n","protected":false},"excerpt":{"rendered":"<p>Damasco, SANA En el marco de las actividades del Ministerio de Cultura por el D\u00eda Nacional de Cultura, la Instituci\u00f3n del Cine sirio lanz\u00f3 el proyecto Cinematec o la \u201cBiblioteca Nacional de Cine\u201d, en el cine Kendi de la capital Damasco. Este proyecto tiene como objetivo proteger el archivo hist\u00f3rico del cine sirio que contiene &hellip;<\/p>\n","protected":false},"author":24,"featured_media":122140,"comment_status":"closed","ping_status":"closed","sticky":false,"template":"","format":"standard","meta":{"footnotes":""},"categories":[447,597,510,515,7541],"tags":[],"class_list":["post-122139","post","type-post","status-publish","format-standard","has-post-thumbnail","","category-local-politica","category-cinta-de-noticias","category-arte-y-cultura","category-noticias-arte-y-cultura","category-ultimas-noticias"],"_links":{"self":[{"href":"https:\/\/archive.sana.sy\/es\/index.php?rest_route=\/wp\/v2\/posts\/122139"}],"collection":[{"href":"https:\/\/archive.sana.sy\/es\/index.php?rest_route=\/wp\/v2\/posts"}],"about":[{"href":"https:\/\/archive.sana.sy\/es\/index.php?rest_route=\/wp\/v2\/types\/post"}],"author":[{"embeddable":true,"href":"https:\/\/archive.sana.sy\/es\/index.php?rest_route=\/wp\/v2\/users\/24"}],"replies":[{"embeddable":true,"href":"https:\/\/archive.sana.sy\/es\/index.php?rest_route=%2Fwp%2Fv2%2Fcomments&post=122139"}],"version-history":[{"count":0,"href":"https:\/\/archive.sana.sy\/es\/index.php?rest_route=\/wp\/v2\/posts\/122139\/revisions"}],"wp:featuredmedia":[{"embeddable":true,"href":"https:\/\/archive.sana.sy\/es\/index.php?rest_route=\/wp\/v2\/media\/122140"}],"wp:attachment":[{"href":"https:\/\/archive.sana.sy\/es\/index.php?rest_route=%2Fwp%2Fv2%2Fmedia&parent=122139"}],"wp:term":[{"taxonomy":"category","embeddable":true,"href":"https:\/\/archive.sana.sy\/es\/index.php?rest_route=%2Fwp%2Fv2%2Fcategories&post=122139"},{"taxonomy":"post_tag","embeddable":true,"href":"https:\/\/archive.sana.sy\/es\/index.php?rest_route=%2Fwp%2Fv2%2Ftags&post=122139"}],"curies":[{"name":"wp","href":"https:\/\/api.w.org\/{rel}","templated":true}]}}