{"id":122155,"date":"2019-11-28T19:26:45","date_gmt":"2019-11-28T17:26:45","guid":{"rendered":"http:\/\/sana.sy\/es\/?p=122155"},"modified":"2023-01-10T14:35:15","modified_gmt":"2023-01-10T12:35:15","slug":"presidente-al-assad-a-paris-match-la-guerra-contra-el-terrorismo-no-ha-terminado-aun-y-la-presencia-francesa-en-siria-es-una-ocupacion","status":"publish","type":"post","link":"https:\/\/archive.sana.sy\/es\/?p=122155","title":{"rendered":"Presidente Al-Assad: la guerra contra el terrorismo a\u00fan no ha terminado y la presencia francesa en Siria es una ocupaci\u00f3n"},"content":{"rendered":"<p style=\"text-align: justify;\"><strong><span style=\"color: #800000;\">Damasco, SANA<\/span><\/strong><\/p>\n<p style=\"text-align: justify;\">El presidente Bashar Al-Assad, afirm\u00f3 que \u201cla guerra contra el terrorismo en Siria no ha terminado a\u00fan pese al gran avance logrado, y que el terrorismo sigue en las regiones del norte del pa\u00eds\u201d.<\/p>\n<p style=\"text-align: justify;\">En una entrevista con la revista francesa Paris Match, el mandatario sirio denunci\u00f3 que Turqu\u00eda, Estados Unidos, Breta\u00f1a y Francia mantienen su apoyo a los grupos terroristas.<\/p>\n<p style=\"text-align: justify;\"><span style=\"color: #0000ff;\"><em><strong>\u201cTriunfamos cuando acabemos con el terrorismo que a\u00fan se mantiene en la zonas del norte\u201d<\/strong><\/em><\/span><\/p>\n<p style=\"text-align: justify;\">\u201cNuestra guerra es nacional, no es la guerra del presidente sino de todos los sirios contra el terrorismo; y hemos logrado grandes pasos en esta guerra pero esto no quiere decir que hemos triunfado\u201d, dijo al-Assad.<\/p>\n<p style=\"text-align: justify;\">Agreg\u00f3: \u201ctriunfamos cuando acabemos con el terrorismo que a\u00fan se mantiene en la zonas del norte, y lo m\u00e1s peligro es que este terrorismo sigue recibiendo apoyo de Turqu\u00eda y de los pa\u00edses occidentales, en particular, Turqu\u00eda, Francia, Breta\u00f1a y EE.UU; por eso es temprano hablar de victoria\u201d.<\/p>\n<p style=\"text-align: justify;\"><em><strong><span style=\"color: #0000ff;\">\u201cLa presencia de fuerzas francesas en Siria es una ocupaci\u00f3n y una forma del terrorismo\u201d<\/span><\/strong><\/em><\/p>\n<p style=\"text-align: justify;\">Por otro lado, calific\u00f3 a la presencia de las fuerzas francesas en el territorio sirio sin la aprobaci\u00f3n del gobierno de una ocupaci\u00f3n y una forma del terrorismo.<\/p>\n<p style=\"text-align: justify;\">\u201cCuando las tropas francesas vienen a Siria sin invitaci\u00f3n del gobierno leg\u00edtimo, eso se llama una ocupaci\u00f3n, y no hay mucha diferencia entre el apoyo al terrorismo y enviar fuerzas militares para ocupar a un pa\u00eds\u201d, explic\u00f3.<\/p>\n<p style=\"text-align: justify;\">En el mismo contexto, el presidente aclar\u00f3 que \u201cel gobierno franc\u00e9s enviaba armas a los terroristas, y en la actualidad no disponemos de datos sobre si dej\u00f3 de hacerlo en los \u00faltimos meses o en el \u00faltimo a\u00f1o\u201d.<\/p>\n<p style=\"text-align: justify;\"><strong><span style=\"color: #0000ff;\"><em>\u201cNo queremos de Francia apoyo pol\u00edtico o econ\u00f3mico, solo queremos que deje de apoyar a lo que pueda incrementar el sufrimiento de los sirios\u201d<\/em><\/span><\/strong><\/p>\n<p style=\"text-align: justify;\">\u201cNo creemos que hay buenas intenciones por parte de Francia en la lucha contra el terrorismo y nos preguntamos: \u00bfPor qu\u00e9 Paris no apoy\u00f3 al gobierno sirio cuando combat\u00eda al grupo terrorista Daesh? y \u00bfpor qu\u00e9 el gobierno franc\u00e9s combate al Daesh y a la vez apoya a al-Nousra a pesar de que ambas organizaciones son terroristas?\u201d, destac\u00f3 el l\u00edder sirio.<\/p>\n<p style=\"text-align: justify;\">Asimismo, exigi\u00f3 a Francia que respete el Derecho Internacional y que detenga su apoyo a todo lo que podr\u00eda causar derramamiento de sangre, asesinato y sufrimiento en Siria.<\/p>\n<p style=\"text-align: justify;\"><img loading=\"lazy\" decoding=\"async\" class=\"wp-image-122161 alignleft\" src=\"http:\/\/sana.sy\/es\/wp-content\/uploads\/2019\/11\/3-3-300x202.jpg\" alt=\"\" width=\"432\" height=\"291\" srcset=\"https:\/\/archive.sana.sy\/es\/wp-content\/uploads\/2019\/11\/3-3-300x202.jpg 300w, https:\/\/archive.sana.sy\/es\/wp-content\/uploads\/2019\/11\/3-3-1024x690.jpg 1024w, https:\/\/archive.sana.sy\/es\/wp-content\/uploads\/2019\/11\/3-3-150x101.jpg 150w, https:\/\/archive.sana.sy\/es\/wp-content\/uploads\/2019\/11\/3-3-768x518.jpg 768w, https:\/\/archive.sana.sy\/es\/wp-content\/uploads\/2019\/11\/3-3-110x75.jpg 110w, https:\/\/archive.sana.sy\/es\/wp-content\/uploads\/2019\/11\/3-3.jpg 1280w\" sizes=\"(max-width: 432px) 100vw, 432px\" \/>\u201cNo le pedimos nada al gobierno franc\u00e9s; ni siquiera apoyo pol\u00edtico, econ\u00f3mico o de seguridad. No lo necesitamos. Solo queremos que respete el Derecho Internacional y que deje de apoyar a todo lo que pueda incrementar los asesinatos y el sufrimiento en Siria\u201d, afirm\u00f3.<\/p>\n<p style=\"text-align: justify;\"><strong><em><span style=\"color: #0000ff;\">&#8220;No existe ninguna cooperaci\u00f3n entre Siria y Estados Unidos&#8221;<\/span><\/em><\/strong><\/p>\n<p style=\"text-align: justify;\">El l\u00edder sirio revel\u00f3 que no existe ninguna cooperaci\u00f3n entre Siria y Estados Unidos. \u201cNo se puede cooperar en la lucha contra el terrorismo con aquel que apoya este flagelo\u201d, se\u00f1al\u00f3.<\/p>\n<p style=\"text-align: justify;\">Apostill\u00f3 que Bush mat\u00f3 a un mill\u00f3n y medio de iraqu\u00edes bajo el falso lema de \u201cla democracia\u201d, y Sarkozy fue c\u00f3mplice en el asesinato de cientos de miles de libios bajo el lema de \u201cla libertad del pueblo libio\u201d , y hoy en d\u00eda, Francia, Gran Breta\u00f1a y EE.UU violan la ley internacional bajo el lema de \u201capoyar a los kurdos\u201d que son parte del pueblo sirio y no son un pueblo independiente.<\/p>\n<p style=\"text-align: justify;\"><em><strong><span style=\"color: #0000ff;\">\u201cNo sabemos si EE.UU mat\u00f3 a al-Baghdadi o no pero si lo hicieron no es por ser un terrorista sino porque termin\u00f3 su rol\u201d<\/span><\/strong><\/em><\/p>\n<p style=\"text-align: justify;\">Sobre la supuesta muerte del l\u00edder del Daesh y si Siria dio informaciones a los estadounidenses, el presidente contest\u00f3: \u201csiempre me r\u00edo cuando se hace esta pregunta, porque la pregunta m\u00e1s importante que debemos plantear es si Baghdadi fue asesinado o no. \u00bfRealmente ocurri\u00f3 esto?\u201d<\/p>\n<p style=\"text-align: justify;\">Agreg\u00f3 que \u201cel Daesh es una industria estadounidense. Ellos ense\u00f1aron a Baghdadi a c\u00f3mo actuar en las c\u00e1rceles estadounidenses en Irak. No sabemos si lo mataron o no, pero si lo hicieron no es por ser un terrorista sino porque termin\u00f3 su rol, pues ellos pod\u00edan atacar al Daesh cuando robaba el petr\u00f3leo de Siria a Irak y no lo hicieron; y cuando el Daesh atac\u00f3 al ej\u00e9rcito sirio en Deir Ezzor, los estadounidenses atacaron al ej\u00e9rcito sirio y no al Daesh\u201d.<\/p>\n<p style=\"text-align: justify;\">Por lo tanto, dijo Al-Assad, \u201cno cooperamos con los estadounidenses en nada, no se puede cooperar en la lucha contra el terrorismo con personas que lo apoyan\u201d.<\/p>\n<p style=\"text-align: justify;\"><em><strong><span style=\"color: #0000ff;\">\u201cCualquier terrorista en las \u00e1reas controladas por las fuerzas sirias estar\u00e1 sujeto a la ley siria.<\/span><\/strong><\/em><\/p>\n<p style=\"text-align: justify;\">En respuesta a una pregunta sobre los 400 yihadistas franceses en las c\u00e1rceles de las \u201cFuerzas de Protecci\u00f3n del Pueblo\u201d, el presidente dijo que \u201ccada terrorista en las zonas controladas por el Estado sirio se someter\u00e1 a la ley siria que es muy clara sobre el tema del terrorismo\u201d.<\/p>\n<p style=\"text-align: justify;\">\u201cCualquier terrorista en las \u00e1reas controladas por las fuerzas sirias estar\u00e1 sujeto a la ley siria, y la ley siria es muy clara sobre el terrorismo. Ser\u00e1n llevados ante la justicia, y tenemos tribunales especializados en terrorismo\u201d, acot\u00f3.<\/p>\n<p style=\"text-align: justify;\"><span style=\"color: #0000ff;\"><em><strong>&#8220;Erdogan emplea el chantaje contra Europa con el tema de repatriar a los terroristas a sus respectivos pa\u00edses&#8221;<\/strong><\/em><\/span><\/p>\n<p style=\"text-align: justify;\">Sobre si el gobierno sirio pretende repatriar a los yihadistas a Europa como hizo Recep Tayyib Erdogan, el mandatario sirio coment\u00f3 que \u201cErdogan emplea el chantaje contra Europa con el tema de repatriar a los terroristas a sus respectivos pa\u00edses, y eso es una acci\u00f3n de poca moral\u201d.<\/p>\n<p style=\"text-align: justify;\">\u201cErdogan est\u00e1 tratando de chantajear a Europa. Alguien que se respeta a s\u00ed mismo no habla de esa manera. Hay instituciones y leyes. La repatriaci\u00f3n de terroristas o cualquier persona que haya sido juzgada y sentenciada est\u00e1 sujeta a acuerdos bilaterales entre estados\u201d, afirm\u00f3.<\/p>\n<p style=\"text-align: justify;\">Agreg\u00f3 que \u201csacar a alguien de la prisi\u00f3n sabiendo que terrorista y enviarlo a su pa\u00eds para matar civiles, esto se considera un acto inmoral\u201d.<br \/>\nAl-Assad: Nunca pens\u00e9 en abandonar el poder ni en los momentos m\u00e1s cr\u00edticos de la guerra.<\/p>\n<p style=\"text-align: justify;\">\u201cNunca pens\u00e9 abandonar el poder, por la simple raz\u00f3n de que esta alternativa solo fue planteada por los funcionarios occidentales. Solo podr\u00eda pensar en esta alternativa si proven\u00eda del pueblo sirio; y cuando digo &#8220;el pueblo sirio&#8221;, me refiero a la mayor\u00eda y no a una minor\u00eda terrorista, o una minor\u00eda fabricada pol\u00edticamente por los servicios de inteligencia extranjeros, o una minor\u00eda de personas que protestaron porque Qatar le pagaba para hacerlo\u201d, respondi\u00f3 Al-Assad a una pregunta sobre si alguna vez pens\u00f3 en dejar el poder.<\/p>\n<p style=\"text-align: justify;\">Agreg\u00f3 que la ciudad de Damasco ha permanecido rodeada por terroristas durante a\u00f1os; a veces por completo y otra veces parcialmente; los proyectiles ca\u00edan sobre nosotros a diario; pero esta era otra raz\u00f3n para quedarme, defender a mi pa\u00eds y no huir, y para asumir mis responsabilidades constitucionales para defender a mi pueblo y a mi pa\u00eds\u201d.<\/p>\n<p style=\"text-align: justify;\"><span style=\"color: #0000ff;\"><em><strong>&#8220;El bloqueo hizo que algunos sectores crecieran como la industria farmac\u00e9utica y algunas compa\u00f1\u00edas han comenzado a venir del exterior para invertir en Siria&#8221;<\/strong><\/em><\/span><\/p>\n<p style=\"text-align: justify;\">En cuanto a la reconstrucci\u00f3n y el plan para sacar al pueblo de la crisis teniendo en cuenta el bloqueo y las sanciones, el presidente dijo que \u201cestas sanciones en lugar de debilitar a algunos sectores, han hecho que crecieran como por ejemplo la industria farmac\u00e9utica\u201d.<\/p>\n<p style=\"text-align: justify;\">\u201cEn cuanto a la reconstrucci\u00f3n, puedes ir a Alepo, que fue destruida en gran parte por los terroristas, cada a\u00f1o puedes observar una gran diferencia, pues el Estado y los ciudadanos protagonizan juntos el proceso de reconstrucci\u00f3n\u201d, dijo.<\/p>\n<p style=\"text-align: justify;\">Revel\u00f3 que en los \u00faltimos seis meses, algunas compa\u00f1\u00edas han comenzado a venir del exterior para invertir en Siria y se\u00f1al\u00f3 que la inversi\u00f3n extranjera seguir\u00e1 siendo lenta en estas condiciones, debido a las sanciones, pero hay formas para evadirlas y estas compa\u00f1\u00edas vendr\u00e1n pronto a invertir.<\/p>\n<p style=\"text-align: justify;\"><em><strong><span style=\"color: #0000ff;\">&#8220;M\u00e1s de un mill\u00f3n de sirios retornaron al pa\u00eds en menos de un a\u00f1o&#8221;<\/span><\/strong><\/em><\/p>\n<p style=\"text-align: justify;\">El presidente afirm\u00f3 que \u201chay un retorno gradual de los sirios desde el exterior y revel\u00f3 que m\u00e1s de un mill\u00f3n volvieron al pa\u00eds en menos de un a\u00f1o.<\/p>\n<p style=\"text-align: justify;\"><img loading=\"lazy\" decoding=\"async\" class=\"wp-image-122159 alignleft\" src=\"http:\/\/sana.sy\/es\/wp-content\/uploads\/2019\/11\/1-5-300x212.jpg\" alt=\"\" width=\"386\" height=\"273\" srcset=\"https:\/\/archive.sana.sy\/es\/wp-content\/uploads\/2019\/11\/1-5-300x212.jpg 300w, https:\/\/archive.sana.sy\/es\/wp-content\/uploads\/2019\/11\/1-5-1024x723.jpg 1024w, https:\/\/archive.sana.sy\/es\/wp-content\/uploads\/2019\/11\/1-5-150x106.jpg 150w, https:\/\/archive.sana.sy\/es\/wp-content\/uploads\/2019\/11\/1-5-768x542.jpg 768w, https:\/\/archive.sana.sy\/es\/wp-content\/uploads\/2019\/11\/1-5.jpg 1280w\" sizes=\"(max-width: 386px) 100vw, 386px\" \/>\u201cSe acelera el proceso de retorno, especialmente despu\u00e9s de la liberaci\u00f3n de Damasco y la regi\u00f3n sur y sus alrededores\u201d, asegur\u00f3.<\/p>\n<p style=\"text-align: justify;\">Acot\u00f3 que parte de este retorno depende de la restauraci\u00f3n de la infraestructura y del restablecimiento de otros servicios como la electricidad, las escuelas y los hospitales, y desafortunadamente, estos tres sectores son los m\u00e1s afectados por el bloqueo\u201d.<\/p>\n<p style=\"text-align: justify;\">Aclar\u00f3 al mismo tiempo que existe una presi\u00f3n occidental sobre los refugiados para que no regresen con el fin de utilizar este asunto humanitario para lograr determinados fines y agendas pol\u00edticas.<\/p>\n<p style=\"text-align: justify;\">Indic\u00f3 que la mayor\u00eda de los refugiados son partidarios del estado y no al rev\u00e9s.<\/p>\n<p style=\"text-align: justify;\">\u201cLa mayor\u00eda emigr\u00f3 debido a la guerra misma y a sus consecuencias econ\u00f3micas. Entonces, en t\u00e9rminos de retorno, no hay problema, estas personas regresan sin amnist\u00eda, y parte de los que regresan tambi\u00e9n son opositores, a quienes no hay un juicio en su contra, porque no violaron la ley, incluso hay opositores en Siria y no tienen problema, y dialogamos con ellos constantemente\u201d.<\/p>\n<p style=\"text-align: justify;\"><em><strong><span style=\"color: #0000ff;\">&#8220;Las acusaciones del uso de armas qu\u00edmicas pretend\u00edan frenar el avance del ej\u00e9rcito sirio en sus batallas contra los terroristas&#8221;<\/span><\/strong><\/em><\/p>\n<p style=\"text-align: justify;\">En cuanto a las acusaciones sobre el empleo de armas qu\u00edmicas por parte del ej\u00e9rcito sirio, el mandatario sirio dijo que \u201chasta ahora no hay ninguna evidencia de ello, y el uso de tal arma habr\u00eda cobrado la vida de cientos o miles de civiles y esto no ocurri\u00f3\u201d.<\/p>\n<p style=\"text-align: justify;\">\u201cLa raz\u00f3n de estas acusaciones es el hecho de que el ej\u00e9rcito sirio estaba avanzando en sus batallas contra los terroristas y ellos pretend\u00edan frenar este avance y siempre hay una pregunta: \u00bfsi est\u00e1bamos avanzando por qu\u00e9 emplear\u00edamos armas qu\u00edmicas?\u201d, asegur\u00f3.<\/p>\n<p style=\"text-align: justify;\">Concluy\u00f3 que \u201clas mentiras en los medios de comunicaci\u00f3n occidentales y en la pol\u00edtica occidental no tienen l\u00edmites en este asunto\u201d.<\/p>\n<p style=\"text-align: justify;\"><strong><span style=\"color: #0000ff;\">F.M<\/span><\/strong><\/p>\n","protected":false},"excerpt":{"rendered":"<p>Damasco, SANA El presidente Bashar Al-Assad, afirm\u00f3 que \u201cla guerra contra el terrorismo en Siria no ha terminado a\u00fan pese al gran avance logrado, y que el terrorismo sigue en las regiones del norte del pa\u00eds\u201d. En una entrevista con la revista francesa Paris Match, el mandatario sirio denunci\u00f3 que Turqu\u00eda, Estados Unidos, Breta\u00f1a y &hellip;<\/p>\n","protected":false},"author":34,"featured_media":122156,"comment_status":"closed","ping_status":"closed","sticky":false,"template":"","format":"standard","meta":{"footnotes":""},"categories":[447,477,597,573,476],"tags":[],"class_list":["post-122155","post","type-post","status-publish","format-standard","has-post-thumbnail","","category-local-politica","category-noticias-edulcorantes","category-cinta-de-noticias","category-la-realidad-de-los-acontecimientos-en-siria","category-locales"],"_links":{"self":[{"href":"https:\/\/archive.sana.sy\/es\/index.php?rest_route=\/wp\/v2\/posts\/122155"}],"collection":[{"href":"https:\/\/archive.sana.sy\/es\/index.php?rest_route=\/wp\/v2\/posts"}],"about":[{"href":"https:\/\/archive.sana.sy\/es\/index.php?rest_route=\/wp\/v2\/types\/post"}],"author":[{"embeddable":true,"href":"https:\/\/archive.sana.sy\/es\/index.php?rest_route=\/wp\/v2\/users\/34"}],"replies":[{"embeddable":true,"href":"https:\/\/archive.sana.sy\/es\/index.php?rest_route=%2Fwp%2Fv2%2Fcomments&post=122155"}],"version-history":[{"count":0,"href":"https:\/\/archive.sana.sy\/es\/index.php?rest_route=\/wp\/v2\/posts\/122155\/revisions"}],"wp:featuredmedia":[{"embeddable":true,"href":"https:\/\/archive.sana.sy\/es\/index.php?rest_route=\/wp\/v2\/media\/122156"}],"wp:attachment":[{"href":"https:\/\/archive.sana.sy\/es\/index.php?rest_route=%2Fwp%2Fv2%2Fmedia&parent=122155"}],"wp:term":[{"taxonomy":"category","embeddable":true,"href":"https:\/\/archive.sana.sy\/es\/index.php?rest_route=%2Fwp%2Fv2%2Fcategories&post=122155"},{"taxonomy":"post_tag","embeddable":true,"href":"https:\/\/archive.sana.sy\/es\/index.php?rest_route=%2Fwp%2Fv2%2Ftags&post=122155"}],"curies":[{"name":"wp","href":"https:\/\/api.w.org\/{rel}","templated":true}]}}