{"id":122172,"date":"2019-11-28T12:41:45","date_gmt":"2019-11-28T10:41:45","guid":{"rendered":"http:\/\/sana.sy\/es\/?p=122172"},"modified":"2019-11-28T12:41:45","modified_gmt":"2019-11-28T10:41:45","slug":"fuerzas-extranjeras-desplegadas-ilegitimamente-en-siria-apoyan-el-terrorismo","status":"publish","type":"post","link":"https:\/\/archive.sana.sy\/es\/?p=122172","title":{"rendered":"Fuerzas extranjeras desplegadas ileg\u00edtimamente en Siria apoyan el terrorismo"},"content":{"rendered":"<p style=\"text-align: justify;\"><span style=\"color: #800000;\">Praga, SANA<\/span><\/p>\n<p style=\"text-align: justify;\">El jefe del Grupo de Amistad Parlamentaria Checa con Siria, Stanislav Grospic, dijo que las fuerzas de ocupaci\u00f3n turcas y sus mercenarios est\u00e1n cometiendo cr\u00edmenes de guerra en Siria<\/p>\n<p style=\"text-align: justify;\">En un comunicado al reportero de SANA en Praga Grospic reiter\u00f3 que las fuerzas de ocupaci\u00f3n turcas y sus mercenarios est\u00e1n saqueando la riqueza subterr\u00e1nea y los recursos petroleros sirios.<\/p>\n<p style=\"text-align: justify;\">Se\u00f1al\u00f3 que las fuerzas extranjeras presentes ilegalmente en Siria apoyan al terrorismo y obstaculizan el retorno de la estabilidad en Siria y prolongan la crisis all\u00ed<\/p>\n<p style=\"text-align: justify;\">Grospic repiti\u00f3 que &#8220;el pueblo sirio es quien decide el futuro de su pa\u00eds.<\/p>\n<p style=\"text-align: justify;\"><span style=\"color: #0000ff;\">E.D\/ R.Sh<\/span><\/p>\n","protected":false},"excerpt":{"rendered":"<p>Praga, SANA El jefe del Grupo de Amistad Parlamentaria Checa con Siria, Stanislav Grospic, dijo que las fuerzas de ocupaci\u00f3n turcas y sus mercenarios est\u00e1n cometiendo cr\u00edmenes de guerra en Siria En un comunicado al reportero de SANA en Praga Grospic reiter\u00f3 que las fuerzas de ocupaci\u00f3n turcas y sus mercenarios est\u00e1n saqueando la riqueza &hellip;<\/p>\n","protected":false},"author":32,"featured_media":122173,"comment_status":"closed","ping_status":"closed","sticky":false,"template":"","format":"standard","meta":{"footnotes":""},"categories":[597,467,7541],"tags":[17057],"class_list":["post-122172","post","type-post","status-publish","format-standard","has-post-thumbnail","","category-cinta-de-noticias","category-siria-y-el-mundo","category-ultimas-noticias","tag-fuerzas-extranjeras-desplegadas-ilegitimamente-en-siria-apoyan-el-terrorismo"],"_links":{"self":[{"href":"https:\/\/archive.sana.sy\/es\/index.php?rest_route=\/wp\/v2\/posts\/122172"}],"collection":[{"href":"https:\/\/archive.sana.sy\/es\/index.php?rest_route=\/wp\/v2\/posts"}],"about":[{"href":"https:\/\/archive.sana.sy\/es\/index.php?rest_route=\/wp\/v2\/types\/post"}],"author":[{"embeddable":true,"href":"https:\/\/archive.sana.sy\/es\/index.php?rest_route=\/wp\/v2\/users\/32"}],"replies":[{"embeddable":true,"href":"https:\/\/archive.sana.sy\/es\/index.php?rest_route=%2Fwp%2Fv2%2Fcomments&post=122172"}],"version-history":[{"count":0,"href":"https:\/\/archive.sana.sy\/es\/index.php?rest_route=\/wp\/v2\/posts\/122172\/revisions"}],"wp:featuredmedia":[{"embeddable":true,"href":"https:\/\/archive.sana.sy\/es\/index.php?rest_route=\/wp\/v2\/media\/122173"}],"wp:attachment":[{"href":"https:\/\/archive.sana.sy\/es\/index.php?rest_route=%2Fwp%2Fv2%2Fmedia&parent=122172"}],"wp:term":[{"taxonomy":"category","embeddable":true,"href":"https:\/\/archive.sana.sy\/es\/index.php?rest_route=%2Fwp%2Fv2%2Fcategories&post=122172"},{"taxonomy":"post_tag","embeddable":true,"href":"https:\/\/archive.sana.sy\/es\/index.php?rest_route=%2Fwp%2Fv2%2Ftags&post=122172"}],"curies":[{"name":"wp","href":"https:\/\/api.w.org\/{rel}","templated":true}]}}