{"id":122192,"date":"2019-11-28T20:23:21","date_gmt":"2019-11-28T18:23:21","guid":{"rendered":"http:\/\/sana.sy\/es\/?p=122192"},"modified":"2023-01-10T14:35:14","modified_gmt":"2023-01-10T12:35:14","slug":"ejercito-se-despliega-en-nuevos-puntos-y-poblados-en-la-carretera-entre-alepo-y-hasakeh","status":"publish","type":"post","link":"https:\/\/archive.sana.sy\/es\/?p=122192","title":{"rendered":"Video:Ej\u00e9rcito se despliega en nuevos poblados en Hasakeh, y las Fuerzas de ocupaci\u00f3n de EE.UU se despliegan en la zona petrol\u00edfera de Rumailan"},"content":{"rendered":"<p style=\"text-align: justify\"><strong><span style=\"color: #800000\">Hasakeh, SANA<\/span><\/strong><\/p>\n<p style=\"text-align: justify\">Contingentes del ej\u00e9rcito sirio extendieron su despliegue militar a nuevas zonas en el campo de la provincia nororiental de Hasakeh.<\/p>\n<p style=\"text-align: justify\">Seg\u00fan report\u00f3 el corresponsal de SANA, el ej\u00e9rcito fij\u00f3 nuevos puntos y se despleg\u00f3 en los poblados de Kozalieh, Tal Allaban y Um Khair, al oeste de la localidad de Tal Temer, en el noroeste de Hasakeh.<\/p>\n<p>En el campo sureste de la ciudad de Qamishli, una unidad del ej\u00e9rcito sirio derrib\u00f3, en el poblado de Hamo, un avi\u00f3n no tripulado de las fuerzas de ocupaci\u00f3n turca.<\/p>\n<p>En otro contexto, los zapadores del ej\u00e9rcito sirio neutralizaron un coche-bomba en el poblado de Ain Issa.<\/p>\n<p style=\"text-align: justify\">El ej\u00e9rcito estableci\u00f3 el domingo \u00faltimo, un nuevo punto\u00a0 al oeste del poblado de Alia Hussein para asegurar la comunicaci\u00f3n terrestre\u00a0 entre las unidades militares desplegadas en las provincias de Raqa y Hasakeh.<\/p>\n<p style=\"text-align: justify\">Desde el d\u00eda 13 de octubre pasado, los militares sirios comenzaron su despliegue en la regi\u00f3n siria de al-Jazeera y retomaron el control de un gran n\u00famero de localidades\u00a0 en las provincias de Hasakeh, Raqqa y Alepo.<\/p>\n<p style=\"text-align: justify\"><span style=\"color: #0000ff\"><em>Fuerzas de ocupaci\u00f3n de EE.UU se despliegan en la zona petrol\u00edfera de Rumailan<\/em><\/span><\/p>\n<p style=\"text-align: justify\">Por otro lado, las fuerzas de ocupaci\u00f3n estadounidenses desplegaron a 60 veh\u00edculos militares y camiones en el \u00e1rea petrol\u00edfera de Rumailan, tras retirarse de la mayor\u00eda de sus posiciones en el campo norte de la provincia de Raqqa y el oeste de Hasakeh.<\/p>\n<p style=\"text-align: justify\">La v\u00edspera, un convoy compuesto por 20 veh\u00edculos militares, camiones cisternas y otros cargados de veh\u00edculos todo terreno atravesaron la ciudad de Hasakeh y se dirigieron hacia el sur en la carretera entre Shadadi y Deir Ezzor.<\/p>\n<p style=\"text-align: justify\"><span style=\"color: #0000ff\"><strong>F.M\/Y.K.<\/strong><\/span><\/p>\n<div id='gallery-1' class='gallery galleryid-122192 gallery-columns-1 gallery-size-full'><figure class='gallery-item'>\n\t\t\t<div class='gallery-icon landscape'>\n\t\t\t\t<a href='https:\/\/archive.sana.sy\/es\/wp-content\/uploads\/2019\/11\/13-95.jpg'><img loading=\"lazy\" decoding=\"async\" width=\"660\" height=\"347\" src=\"https:\/\/archive.sana.sy\/es\/wp-content\/uploads\/2019\/11\/13-95.jpg\" class=\"attachment-full size-full\" alt=\"\" srcset=\"https:\/\/archive.sana.sy\/es\/wp-content\/uploads\/2019\/11\/13-95.jpg 660w, https:\/\/archive.sana.sy\/es\/wp-content\/uploads\/2019\/11\/13-95-300x158.jpg 300w, https:\/\/archive.sana.sy\/es\/wp-content\/uploads\/2019\/11\/13-95-150x79.jpg 150w\" sizes=\"(max-width: 660px) 100vw, 660px\" \/><\/a>\n\t\t\t<\/div><\/figure><figure class='gallery-item'>\n\t\t\t<div class='gallery-icon landscape'>\n\t\t\t\t<a href='https:\/\/archive.sana.sy\/es\/wp-content\/uploads\/2019\/11\/4-299.jpg'><img loading=\"lazy\" decoding=\"async\" width=\"660\" height=\"352\" src=\"https:\/\/archive.sana.sy\/es\/wp-content\/uploads\/2019\/11\/4-299.jpg\" class=\"attachment-full size-full\" alt=\"\" srcset=\"https:\/\/archive.sana.sy\/es\/wp-content\/uploads\/2019\/11\/4-299.jpg 660w, https:\/\/archive.sana.sy\/es\/wp-content\/uploads\/2019\/11\/4-299-300x160.jpg 300w, https:\/\/archive.sana.sy\/es\/wp-content\/uploads\/2019\/11\/4-299-150x80.jpg 150w, https:\/\/archive.sana.sy\/es\/wp-content\/uploads\/2019\/11\/4-299-310x165.jpg 310w\" sizes=\"(max-width: 660px) 100vw, 660px\" \/><\/a>\n\t\t\t<\/div><\/figure><figure class='gallery-item'>\n\t\t\t<div class='gallery-icon landscape'>\n\t\t\t\t<a href='https:\/\/archive.sana.sy\/es\/wp-content\/uploads\/2019\/11\/2-384.jpg'><img loading=\"lazy\" decoding=\"async\" width=\"660\" height=\"462\" src=\"https:\/\/archive.sana.sy\/es\/wp-content\/uploads\/2019\/11\/2-384.jpg\" class=\"attachment-full size-full\" alt=\"\" srcset=\"https:\/\/archive.sana.sy\/es\/wp-content\/uploads\/2019\/11\/2-384.jpg 660w, https:\/\/archive.sana.sy\/es\/wp-content\/uploads\/2019\/11\/2-384-300x210.jpg 300w, https:\/\/archive.sana.sy\/es\/wp-content\/uploads\/2019\/11\/2-384-150x105.jpg 150w\" sizes=\"(max-width: 660px) 100vw, 660px\" \/><\/a>\n\t\t\t<\/div><\/figure><figure class='gallery-item'>\n\t\t\t<div class='gallery-icon landscape'>\n\t\t\t\t<a href='https:\/\/archive.sana.sy\/es\/wp-content\/uploads\/2019\/11\/12-118.jpg'><img loading=\"lazy\" decoding=\"async\" width=\"660\" height=\"321\" src=\"https:\/\/archive.sana.sy\/es\/wp-content\/uploads\/2019\/11\/12-118.jpg\" class=\"attachment-full size-full\" alt=\"\" srcset=\"https:\/\/archive.sana.sy\/es\/wp-content\/uploads\/2019\/11\/12-118.jpg 660w, https:\/\/archive.sana.sy\/es\/wp-content\/uploads\/2019\/11\/12-118-300x146.jpg 300w, https:\/\/archive.sana.sy\/es\/wp-content\/uploads\/2019\/11\/12-118-150x73.jpg 150w\" sizes=\"(max-width: 660px) 100vw, 660px\" \/><\/a>\n\t\t\t<\/div><\/figure>\n\t\t<\/div>\n\n<p style=\"text-align: justify\">\n","protected":false},"excerpt":{"rendered":"<p>Hasakeh, SANA Contingentes del ej\u00e9rcito sirio extendieron su despliegue militar a nuevas zonas en el campo de la provincia nororiental de Hasakeh. Seg\u00fan report\u00f3 el corresponsal de SANA, el ej\u00e9rcito fij\u00f3 nuevos puntos y se despleg\u00f3 en los poblados de Kozalieh, Tal Allaban y Um Khair, al oeste de la localidad de Tal Temer, en &hellip;<\/p>\n","protected":false},"author":34,"featured_media":122193,"comment_status":"closed","ping_status":"closed","sticky":false,"template":"","format":"standard","meta":{"footnotes":""},"categories":[447,597,573,476,7541,624],"tags":[],"class_list":["post-122192","post","type-post","status-publish","format-standard","has-post-thumbnail","","category-local-politica","category-cinta-de-noticias","category-la-realidad-de-los-acontecimientos-en-siria","category-locales","category-ultimas-noticias","category-video-sana"],"_links":{"self":[{"href":"https:\/\/archive.sana.sy\/es\/index.php?rest_route=\/wp\/v2\/posts\/122192"}],"collection":[{"href":"https:\/\/archive.sana.sy\/es\/index.php?rest_route=\/wp\/v2\/posts"}],"about":[{"href":"https:\/\/archive.sana.sy\/es\/index.php?rest_route=\/wp\/v2\/types\/post"}],"author":[{"embeddable":true,"href":"https:\/\/archive.sana.sy\/es\/index.php?rest_route=\/wp\/v2\/users\/34"}],"replies":[{"embeddable":true,"href":"https:\/\/archive.sana.sy\/es\/index.php?rest_route=%2Fwp%2Fv2%2Fcomments&post=122192"}],"version-history":[{"count":0,"href":"https:\/\/archive.sana.sy\/es\/index.php?rest_route=\/wp\/v2\/posts\/122192\/revisions"}],"wp:featuredmedia":[{"embeddable":true,"href":"https:\/\/archive.sana.sy\/es\/index.php?rest_route=\/wp\/v2\/media\/122193"}],"wp:attachment":[{"href":"https:\/\/archive.sana.sy\/es\/index.php?rest_route=%2Fwp%2Fv2%2Fmedia&parent=122192"}],"wp:term":[{"taxonomy":"category","embeddable":true,"href":"https:\/\/archive.sana.sy\/es\/index.php?rest_route=%2Fwp%2Fv2%2Fcategories&post=122192"},{"taxonomy":"post_tag","embeddable":true,"href":"https:\/\/archive.sana.sy\/es\/index.php?rest_route=%2Fwp%2Fv2%2Ftags&post=122192"}],"curies":[{"name":"wp","href":"https:\/\/api.w.org\/{rel}","templated":true}]}}