{"id":122203,"date":"2019-11-28T17:57:40","date_gmt":"2019-11-28T15:57:40","guid":{"rendered":"http:\/\/sana.sy\/es\/?p=122203"},"modified":"2019-11-28T21:46:54","modified_gmt":"2019-11-28T19:46:54","slug":"al-moallem-afirma-ante-la-onu-el-apoyo-de-siria-a-los-derechos-inalienables-del-pueblo-palestino","status":"publish","type":"post","link":"https:\/\/archive.sana.sy\/es\/?p=122203","title":{"rendered":"Al-Moallem afirma ante la ONU el apoyo de Siria a los derechos inalienables del pueblo palestino"},"content":{"rendered":"<p style=\"text-align: justify\"><strong><span style=\"color: #800000\">Nueva York, SANA<\/span><\/strong><\/p>\n<p style=\"text-align: justify\">Con motivo del D\u00eda Internacional de Solidaridad con el Pueblo Palestino, el Comit\u00e9 sobre el ejercicio de los derechos inalienables del pueblo palestino celebr\u00f3 su reuni\u00f3n anual que cont\u00f3 con la presencia del Presidente de la Asamblea General de las Naciones Unidas, la presidenta del Consejo de Seguridad y la jefa de Despacho del Secretario General.<\/p>\n<p style=\"text-align: justify\">El Viceprimer Ministro y Ministro de Exteriores y Emigrantes, Walid al-Moallem, envi\u00f3 un mensaje de solidaridad que fue le\u00eddo durante la reuni\u00f3n del Comit\u00e9.<\/p>\n<p style=\"text-align: justify\">\u201cHan pasado d\u00e9cadas desde la ocupaci\u00f3n israel\u00ed de los territorios \u00e1rabes, y durante todo este tiempo las Naciones Unidas adopt\u00f3 un gran n\u00famero de resoluciones que exigen que &#8220;Israel&#8221; ponga fin a esta ocupaci\u00f3n y se retire de todos los territorios \u00e1rabes ocupados hasta la l\u00ednea del cuatro de junio de 1967, y el establecimiento de un estado palestino con Jerusal\u00e9n como su capital\u201d, dijo al-Moallem en su mensaje.<\/p>\n<p style=\"text-align: justify\">Lament\u00f3 que las Naciones Unidas siga esposada e incapaz de poner en pr\u00e1ctica sus resoluciones y obligar a las autoridades de ocupaci\u00f3n israel\u00edes a detener sus sistem\u00e1ticos cr\u00edmenes de guerra y contra la humanidad, y a respetar el derecho internacional, la ley humanitaria y los pactos de los derechos humanos.<\/p>\n<p style=\"text-align: justify\">\u201cEl apoyo brindado por los miembros permanentes en el Consejo de Seguridad a &#8220;Israel&#8221; constituye un gran desprecio al derecho internacional y a las resoluciones de legitimidad internacional\u201d, acot\u00f3 el canciller sirio.<\/p>\n<p style=\"text-align: justify\">Afirm\u00f3 que \u201cno existe una voluntad real por parte de algunos pa\u00edses occidentales que apoyan a &#8220;Israel&#8221;, adem\u00e1s de la falta de mecanismos para hacer cumplir las resoluciones del Consejo de Seguridad sobre el conflicto \u00e1rabe-israel\u00ed, lo cual llev\u00f3 a que el ocupante continuara en sus cr\u00edmenes contra la poblaci\u00f3n siria y palestina en los territorios palestinos y el Gol\u00e1n sirio ocupado\u201d.<\/p>\n<p style=\"text-align: justify\">Seg\u00fan el jefe de la diplomacia siria, las decisiones del presidente estadounidense de reconocer la anexi\u00f3n de Jerusal\u00e9n a la entidad de ocupaci\u00f3n y la soberan\u00eda israel\u00ed sobre el Gol\u00e1n sirio ocupado, adem\u00e1s de los intentos de promover el llamado Acuerdo del Siglo se enmarcan en el contexto de liquidar los derechos hist\u00f3ricos e inalienables del pueblo palestino.<\/p>\n<p style=\"text-align: justify\">\u201cYa no secreto para nadie el apoyo de &#8220;Israel&#8221; a los terroristas y sus organizaciones en Siria durante m\u00e1s de ocho a\u00f1os, con el fin de debilitar a Siria y su rol en la defensa de los derechos inalienables del pueblo palestino\u201d, denunci\u00f3.<\/p>\n<p style=\"text-align: justify\">El Titular de Exteriores ratific\u00f3 la firme posici\u00f3n de la Rep\u00fablica \u00c1rabe Siria en apoyo al derecho del pueblo palestino a la autodeterminaci\u00f3n y al establecimiento de un estado independiente sobre todo su territorio nacional con Jerusal\u00e9n como su capital, y garantizar el derecho al retorno de los refugiados de conformidad con la Resoluci\u00f3n 194 de 1948.<\/p>\n<p style=\"text-align: justify\">Agreg\u00f3 que Palestina es la causa central de Siria y las presiones no lograr\u00e1n cambiar eso, y asegur\u00f3 que Damasco seguir\u00e1 trabajando para poner fin a la ocupaci\u00f3n israel\u00ed de los territorios \u00e1rabes ocupados, incluido el Gol\u00e1n sirio ocupado.<\/p>\n<p style=\"text-align: justify\">Al final de su mensaje, el canciller al-Moallem reiter\u00f3 el llamado de la Rep\u00fablica \u00c1rabe Siria a los estados miembros de la ONU a asumir sus responsabilidades para poner fin al sufrimiento del pueblo palestino y tomar medidas serias y concretas para terminar la ocupaci\u00f3n israel\u00ed de las tierras \u00e1rabes, incluido el Gol\u00e1n sirio ocupado, y retirarse de \u00e9l hasta la l\u00ednea del 4 de junio de 1967 y el establecimiento de un estado palestino independiente con Jerusal\u00e9n como su capital.<\/p>\n<p style=\"text-align: justify\"><span style=\"color: #0000ff\"><strong>F.M<\/strong><\/span><\/p>\n","protected":false},"excerpt":{"rendered":"<p>Nueva York, SANA Con motivo del D\u00eda Internacional de Solidaridad con el Pueblo Palestino, el Comit\u00e9 sobre el ejercicio de los derechos inalienables del pueblo palestino celebr\u00f3 su reuni\u00f3n anual que cont\u00f3 con la presencia del Presidente de la Asamblea General de las Naciones Unidas, la presidenta del Consejo de Seguridad y la jefa de &hellip;<\/p>\n","protected":false},"author":34,"featured_media":122204,"comment_status":"closed","ping_status":"closed","sticky":false,"template":"","format":"standard","meta":{"footnotes":""},"categories":[477,597,456,476,467,7541],"tags":[],"class_list":["post-122203","post","type-post","status-publish","format-standard","has-post-thumbnail","","category-noticias-edulcorantes","category-cinta-de-noticias","category-arabe-internacional-politica","category-locales","category-siria-y-el-mundo","category-ultimas-noticias"],"_links":{"self":[{"href":"https:\/\/archive.sana.sy\/es\/index.php?rest_route=\/wp\/v2\/posts\/122203"}],"collection":[{"href":"https:\/\/archive.sana.sy\/es\/index.php?rest_route=\/wp\/v2\/posts"}],"about":[{"href":"https:\/\/archive.sana.sy\/es\/index.php?rest_route=\/wp\/v2\/types\/post"}],"author":[{"embeddable":true,"href":"https:\/\/archive.sana.sy\/es\/index.php?rest_route=\/wp\/v2\/users\/34"}],"replies":[{"embeddable":true,"href":"https:\/\/archive.sana.sy\/es\/index.php?rest_route=%2Fwp%2Fv2%2Fcomments&post=122203"}],"version-history":[{"count":0,"href":"https:\/\/archive.sana.sy\/es\/index.php?rest_route=\/wp\/v2\/posts\/122203\/revisions"}],"wp:featuredmedia":[{"embeddable":true,"href":"https:\/\/archive.sana.sy\/es\/index.php?rest_route=\/wp\/v2\/media\/122204"}],"wp:attachment":[{"href":"https:\/\/archive.sana.sy\/es\/index.php?rest_route=%2Fwp%2Fv2%2Fmedia&parent=122203"}],"wp:term":[{"taxonomy":"category","embeddable":true,"href":"https:\/\/archive.sana.sy\/es\/index.php?rest_route=%2Fwp%2Fv2%2Fcategories&post=122203"},{"taxonomy":"post_tag","embeddable":true,"href":"https:\/\/archive.sana.sy\/es\/index.php?rest_route=%2Fwp%2Fv2%2Ftags&post=122203"}],"curies":[{"name":"wp","href":"https:\/\/api.w.org\/{rel}","templated":true}]}}