{"id":122215,"date":"2019-11-28T19:25:54","date_gmt":"2019-11-28T17:25:54","guid":{"rendered":"http:\/\/sana.sy\/es\/?p=122215"},"modified":"2019-11-28T19:25:54","modified_gmt":"2019-11-28T17:25:54","slug":"presidente-al-assad-promulga-la-ley-de-creditos-del-presupuesto-general-del-estado-para-2020","status":"publish","type":"post","link":"https:\/\/archive.sana.sy\/es\/?p=122215","title":{"rendered":"Presidente Al-Assad promulga la ley de cr\u00e9ditos del Presupuesto General del Estado para 2020"},"content":{"rendered":"<p><strong><span style=\"color: #800000;\">Damasco, SANA<\/span><\/strong><\/p>\n<p>El presidente Bashar al-Assad, promulg\u00f3 la ley n\u00famero 25 del a\u00f1o 2019 que determina los cr\u00e9ditos del presupuesto del Estado para el a\u00f1o 2020 en cuatro billones de libras sirias (equivalente a ocho mil millones de USD), con un aumento de 118 mil millones de libras del presupuesto de actual a\u00f1o.<\/p>\n<p>El parlamento hab\u00eda aprobado el presupuesto que toma en cuenta la creaci\u00f3n de 83 mil 416 nuevos empleos, incluidos 65 mil 474 en el sector administrativo y 17 mil 942 en el sector econ\u00f3mico.<\/p>\n<p>El presupuesto asigna una suma de 15 mil millones de libras sirias (equivalente a 30 millones de d\u00f3lares) para el Fondo de Subsidio Social, 10 mil millones para el Fondo de Apoyo a la Producci\u00f3n Agr\u00edcola, 337 mil millones ( casi 700 millones de d\u00f3lares) para subsidiar los alimentos b\u00e1sicos y derivados del petr\u00f3leo, y 83 mil millones para apoyar las instituciones afectadas por el terrorismo.<\/p>\n<p><span style=\"color: #0000ff;\"><strong>F.M<\/strong><\/span><\/p>\n","protected":false},"excerpt":{"rendered":"<p>Damasco, SANA El presidente Bashar al-Assad, promulg\u00f3 la ley n\u00famero 25 del a\u00f1o 2019 que determina los cr\u00e9ditos del presupuesto del Estado para el a\u00f1o 2020 en cuatro billones de libras sirias (equivalente a ocho mil millones de USD), con un aumento de 118 mil millones de libras del presupuesto de actual a\u00f1o. El parlamento &hellip;<\/p>\n","protected":false},"author":34,"featured_media":121412,"comment_status":"closed","ping_status":"closed","sticky":false,"template":"","format":"standard","meta":{"footnotes":""},"categories":[447,477,597,476,583],"tags":[],"class_list":["post-122215","post","type-post","status-publish","format-standard","has-post-thumbnail","","category-local-politica","category-noticias-edulcorantes","category-cinta-de-noticias","category-locales","category-slide"],"_links":{"self":[{"href":"https:\/\/archive.sana.sy\/es\/index.php?rest_route=\/wp\/v2\/posts\/122215"}],"collection":[{"href":"https:\/\/archive.sana.sy\/es\/index.php?rest_route=\/wp\/v2\/posts"}],"about":[{"href":"https:\/\/archive.sana.sy\/es\/index.php?rest_route=\/wp\/v2\/types\/post"}],"author":[{"embeddable":true,"href":"https:\/\/archive.sana.sy\/es\/index.php?rest_route=\/wp\/v2\/users\/34"}],"replies":[{"embeddable":true,"href":"https:\/\/archive.sana.sy\/es\/index.php?rest_route=%2Fwp%2Fv2%2Fcomments&post=122215"}],"version-history":[{"count":0,"href":"https:\/\/archive.sana.sy\/es\/index.php?rest_route=\/wp\/v2\/posts\/122215\/revisions"}],"wp:featuredmedia":[{"embeddable":true,"href":"https:\/\/archive.sana.sy\/es\/index.php?rest_route=\/wp\/v2\/media\/121412"}],"wp:attachment":[{"href":"https:\/\/archive.sana.sy\/es\/index.php?rest_route=%2Fwp%2Fv2%2Fmedia&parent=122215"}],"wp:term":[{"taxonomy":"category","embeddable":true,"href":"https:\/\/archive.sana.sy\/es\/index.php?rest_route=%2Fwp%2Fv2%2Fcategories&post=122215"},{"taxonomy":"post_tag","embeddable":true,"href":"https:\/\/archive.sana.sy\/es\/index.php?rest_route=%2Fwp%2Fv2%2Ftags&post=122215"}],"curies":[{"name":"wp","href":"https:\/\/api.w.org\/{rel}","templated":true}]}}