{"id":122228,"date":"2019-11-29T12:22:54","date_gmt":"2019-11-29T10:22:54","guid":{"rendered":"http:\/\/sana.sy\/es\/?p=122228"},"modified":"2019-11-29T12:22:54","modified_gmt":"2019-11-29T10:22:54","slug":"organizan-maraton-en-damasco-con-motivo-del-dia-mundial-de-personas-con-discapacidad","status":"publish","type":"post","link":"https:\/\/archive.sana.sy\/es\/?p=122228","title":{"rendered":"Organizan marat\u00f3n en Damasco con motivo del D\u00eda Mundial de Personas con Discapacidad"},"content":{"rendered":"<p style=\"text-align: justify;\"><span lang=\"ES-TRAD\" style=\"color: #800000;\">Damasco, SANA<\/span><\/p>\n<p style=\"text-align: justify;\"><span lang=\"ES-TRAD\">Con la participaci\u00f3n de mil personas, entre ellas 300 discapacitadas, fue organizado en esta capital un marat\u00f3n en el que participaron personas de los institutos de atenci\u00f3n a las personas con discapacidad del Ministerio de Asuntos Sociales, varias asociaciones civiles y ni\u00f1os del Parlamento Infantil en la provincia de Damasco-campo.<\/span><\/p>\n<p style=\"text-align: justify;\"><span lang=\"ES-TRAD\">El marat\u00f3n fue organizado por el grupo \u201cIniciativa de la Gente de Damasco\u201d, con motivo del D\u00eda Mundial de las Personas con Discapacidad.<\/span><\/p>\n<p style=\"text-align: justify;\"><span lang=\"ES-TRAD\">El punto de partida del marat\u00f3n fue la ciudad deportiva Al-Jala y recorri\u00f3 toda la autopista Mezzeh.<\/span><\/p>\n<p style=\"text-align: justify;\"><span lang=\"ES-TRAD\">Luego, fueron organizadas una serie de eventos art\u00edsticos y culturales.<\/span><\/p>\n<p style=\"text-align: justify;\"><span lang=\"ES-TRAD\">El D\u00eda Mundial de las Personas con Discapacidad fue declarado en 1992 por la Asamblea General de las Naciones Unidas y coincide el 3 de diciembre de cada a\u00f1o.<\/span><\/p>\n<p style=\"text-align: justify;\"><span style=\"color: #0000ff;\">A. H.\/ F. M.<\/span><\/p>\n<div id='gallery-1' class='gallery galleryid-122228 gallery-columns-1 gallery-size-full'><figure class='gallery-item'>\n\t\t\t<div class='gallery-icon landscape'>\n\t\t\t\t<a href='https:\/\/archive.sana.sy\/es\/wp-content\/uploads\/2019\/11\/2-395.jpg'><img loading=\"lazy\" decoding=\"async\" width=\"660\" height=\"419\" src=\"https:\/\/archive.sana.sy\/es\/wp-content\/uploads\/2019\/11\/2-395.jpg\" class=\"attachment-full size-full\" alt=\"\" srcset=\"https:\/\/archive.sana.sy\/es\/wp-content\/uploads\/2019\/11\/2-395.jpg 660w, https:\/\/archive.sana.sy\/es\/wp-content\/uploads\/2019\/11\/2-395-300x190.jpg 300w, https:\/\/archive.sana.sy\/es\/wp-content\/uploads\/2019\/11\/2-395-150x95.jpg 150w\" sizes=\"(max-width: 660px) 100vw, 660px\" \/><\/a>\n\t\t\t<\/div><\/figure><figure class='gallery-item'>\n\t\t\t<div class='gallery-icon landscape'>\n\t\t\t\t<a href='https:\/\/archive.sana.sy\/es\/wp-content\/uploads\/2019\/11\/4-310.jpg'><img loading=\"lazy\" decoding=\"async\" width=\"660\" height=\"401\" src=\"https:\/\/archive.sana.sy\/es\/wp-content\/uploads\/2019\/11\/4-310.jpg\" class=\"attachment-full size-full\" alt=\"\" srcset=\"https:\/\/archive.sana.sy\/es\/wp-content\/uploads\/2019\/11\/4-310.jpg 660w, https:\/\/archive.sana.sy\/es\/wp-content\/uploads\/2019\/11\/4-310-300x182.jpg 300w, https:\/\/archive.sana.sy\/es\/wp-content\/uploads\/2019\/11\/4-310-150x91.jpg 150w\" sizes=\"(max-width: 660px) 100vw, 660px\" \/><\/a>\n\t\t\t<\/div><\/figure><figure class='gallery-item'>\n\t\t\t<div class='gallery-icon landscape'>\n\t\t\t\t<a href='https:\/\/archive.sana.sy\/es\/wp-content\/uploads\/2019\/11\/5-254.jpg'><img loading=\"lazy\" decoding=\"async\" width=\"660\" height=\"408\" src=\"https:\/\/archive.sana.sy\/es\/wp-content\/uploads\/2019\/11\/5-254.jpg\" class=\"attachment-full size-full\" alt=\"\" srcset=\"https:\/\/archive.sana.sy\/es\/wp-content\/uploads\/2019\/11\/5-254.jpg 660w, https:\/\/archive.sana.sy\/es\/wp-content\/uploads\/2019\/11\/5-254-300x185.jpg 300w, https:\/\/archive.sana.sy\/es\/wp-content\/uploads\/2019\/11\/5-254-150x93.jpg 150w\" sizes=\"(max-width: 660px) 100vw, 660px\" \/><\/a>\n\t\t\t<\/div><\/figure>\n\t\t<\/div>\n\n","protected":false},"excerpt":{"rendered":"<p>Damasco, SANA Con la participaci\u00f3n de mil personas, entre ellas 300 discapacitadas, fue organizado en esta capital un marat\u00f3n en el que participaron personas de los institutos de atenci\u00f3n a las personas con discapacidad del Ministerio de Asuntos Sociales, varias asociaciones civiles y ni\u00f1os del Parlamento Infantil en la provincia de Damasco-campo. El marat\u00f3n fue &hellip;<\/p>\n","protected":false},"author":30,"featured_media":122229,"comment_status":"closed","ping_status":"closed","sticky":false,"template":"","format":"standard","meta":{"footnotes":""},"categories":[597,476,7541],"tags":[17062],"class_list":["post-122228","post","type-post","status-publish","format-standard","has-post-thumbnail","","category-cinta-de-noticias","category-locales","category-ultimas-noticias","tag-organizan-maraton-en-damasco-con-motivo-del-dia-mundial-de-personas-con-discapacidad"],"_links":{"self":[{"href":"https:\/\/archive.sana.sy\/es\/index.php?rest_route=\/wp\/v2\/posts\/122228"}],"collection":[{"href":"https:\/\/archive.sana.sy\/es\/index.php?rest_route=\/wp\/v2\/posts"}],"about":[{"href":"https:\/\/archive.sana.sy\/es\/index.php?rest_route=\/wp\/v2\/types\/post"}],"author":[{"embeddable":true,"href":"https:\/\/archive.sana.sy\/es\/index.php?rest_route=\/wp\/v2\/users\/30"}],"replies":[{"embeddable":true,"href":"https:\/\/archive.sana.sy\/es\/index.php?rest_route=%2Fwp%2Fv2%2Fcomments&post=122228"}],"version-history":[{"count":0,"href":"https:\/\/archive.sana.sy\/es\/index.php?rest_route=\/wp\/v2\/posts\/122228\/revisions"}],"wp:featuredmedia":[{"embeddable":true,"href":"https:\/\/archive.sana.sy\/es\/index.php?rest_route=\/wp\/v2\/media\/122229"}],"wp:attachment":[{"href":"https:\/\/archive.sana.sy\/es\/index.php?rest_route=%2Fwp%2Fv2%2Fmedia&parent=122228"}],"wp:term":[{"taxonomy":"category","embeddable":true,"href":"https:\/\/archive.sana.sy\/es\/index.php?rest_route=%2Fwp%2Fv2%2Fcategories&post=122228"},{"taxonomy":"post_tag","embeddable":true,"href":"https:\/\/archive.sana.sy\/es\/index.php?rest_route=%2Fwp%2Fv2%2Ftags&post=122228"}],"curies":[{"name":"wp","href":"https:\/\/api.w.org\/{rel}","templated":true}]}}