{"id":122234,"date":"2019-11-29T13:15:48","date_gmt":"2019-11-29T11:15:48","guid":{"rendered":"http:\/\/sana.sy\/es\/?p=122234"},"modified":"2019-11-29T15:57:11","modified_gmt":"2019-11-29T13:57:11","slug":"por-primera-vez-en-siria-cirugia-para-compensar-una-seccion-faltante-del-craneo-con-tecnologia-de-impresion-3d","status":"publish","type":"post","link":"https:\/\/archive.sana.sy\/es\/?p=122234","title":{"rendered":"Por primera vez en Siria, cirug\u00eda para compensar una secci\u00f3n faltante del cr\u00e1neo con tecnolog\u00eda de impresi\u00f3n 3D"},"content":{"rendered":"<p style=\"text-align: justify;\"><span style=\"color: #800000;\">Damasco, SANA<\/span><\/p>\n<p style=\"text-align: justify;\"><span lang=\"ES-TRAD\">Un equipo m\u00e9dico del hospital Ibn al-Nafis en Damasco realiz\u00f3 una operaci\u00f3n quir\u00fargica para compensar la p\u00e9rdida del hueso del cr\u00e1neo de un joven de 30 a\u00f1os de edad, donde la secci\u00f3n faltante fue fabricada por primera vez en Siria empleando tecnolog\u00eda de impresi\u00f3n 3D.<\/span><\/p>\n<p style=\"text-align: justify;\"><span lang=\"ES-TRAD\">En una declaraci\u00f3n a SANA, el jefe del Departamento de Neurocirug\u00eda del hospital, Issa Awad, quien realiz\u00f3 la operaci\u00f3n, explic\u00f3 que el proceso de compensaci\u00f3n por la p\u00e9rdida del hueso del cr\u00e1neo se realiza generalmente restituyendo el hueso en caso de posibilidad o a trav\u00e9s de la fabricaci\u00f3n manual de la p\u00e9rdida llamada &#8220;cemento \u00f3seo&#8221; o una malla met\u00e1lica conectada a la parte restante.<\/span><\/p>\n<p style=\"text-align: justify;\"><span lang=\"ES-TRAD\">Agreg\u00f3 que la t\u00e9cnica moderna que se utiliz\u00f3 en este proceso por primera vez en Siria y tambi\u00e9n a nivel \u00e1rabe, es una fabricaci\u00f3n computadorizada y a trav\u00e9s de una impresora 3D para la parte faltante que equivale a alrededor del 40% del tama\u00f1o del hueso del cr\u00e1neo.<\/span><\/p>\n<p style=\"text-align: justify;\"><span lang=\"ES-TRAD\">La operaci\u00f3n dur\u00f3 tres horas y seg\u00fan afirma el cirujano Awad, la dificultad de este tipo de operaciones radica en levantar la piel del cerebro, la ausencia de un hueso que la protege y separar las capas de la piel y el cerebro.<\/span><\/p>\n<p style=\"text-align: justify;\"><span lang=\"ES-TRAD\">Explic\u00f3 que la tecnolog\u00eda moderna contribuye a la creaci\u00f3n de una simetr\u00eda de casi el 100 por ciento en las dos secciones del cr\u00e1neo y una combinaci\u00f3n total y perfecta, as\u00ed como una fuerte protecci\u00f3n del cerebro.<\/span><\/p>\n<p style=\"text-align: justify;\"><span lang=\"ES-TRAD\">Detall\u00f3 que\u00a0\u00a0los materiales a partir de los cuales se fabric\u00f3 la parte faltante son de Polieteretercetona, que no forma ninguna interacci\u00f3n negativa con el cuerpo del paciente y se adhiere completamente con el hueso despu\u00e9s de unos seis meses.<\/span><\/p>\n<p style=\"text-align: justify;\"><span lang=\"ES-TRAD\">El Departamento de Neurocirug\u00eda del hospital Ibn al-Nafis realiza m\u00e1s de 25 operaciones quir\u00fargicas al mes, adem\u00e1s de una serie de operaciones de emergencia.<\/span><\/p>\n<p style=\"text-align: justify;\"><span lang=\"ES-TRAD\">La tecnolog\u00eda de impresi\u00f3n 3D se utiliz\u00f3 por primera vez en Alemania en 2005, tiene resultados sobresalientes, especialmente en lesiones b\u00e9licas y accidente<\/span><\/p>\n<p style=\"text-align: justify;\"><span style=\"color: #0000ff;\">A. H.\/ F. M.<\/span><\/p>\n<div id='gallery-1' class='gallery galleryid-122234 gallery-columns-1 gallery-size-full'><figure class='gallery-item'>\n\t\t\t<div class='gallery-icon landscape'>\n\t\t\t\t<a href='https:\/\/archive.sana.sy\/es\/wp-content\/uploads\/2019\/11\/1-451.jpg'><img loading=\"lazy\" decoding=\"async\" width=\"660\" height=\"439\" src=\"https:\/\/archive.sana.sy\/es\/wp-content\/uploads\/2019\/11\/1-451.jpg\" class=\"attachment-full size-full\" alt=\"\" srcset=\"https:\/\/archive.sana.sy\/es\/wp-content\/uploads\/2019\/11\/1-451.jpg 660w, https:\/\/archive.sana.sy\/es\/wp-content\/uploads\/2019\/11\/1-451-300x200.jpg 300w, https:\/\/archive.sana.sy\/es\/wp-content\/uploads\/2019\/11\/1-451-150x100.jpg 150w, https:\/\/archive.sana.sy\/es\/wp-content\/uploads\/2019\/11\/1-451-310x205.jpg 310w\" sizes=\"(max-width: 660px) 100vw, 660px\" \/><\/a>\n\t\t\t<\/div><\/figure><figure class='gallery-item'>\n\t\t\t<div class='gallery-icon landscape'>\n\t\t\t\t<a href='https:\/\/archive.sana.sy\/es\/wp-content\/uploads\/2019\/11\/4-297.jpg'><img loading=\"lazy\" decoding=\"async\" width=\"660\" height=\"439\" src=\"https:\/\/archive.sana.sy\/es\/wp-content\/uploads\/2019\/11\/4-297.jpg\" class=\"attachment-full size-full\" alt=\"\" srcset=\"https:\/\/archive.sana.sy\/es\/wp-content\/uploads\/2019\/11\/4-297.jpg 660w, https:\/\/archive.sana.sy\/es\/wp-content\/uploads\/2019\/11\/4-297-300x200.jpg 300w, https:\/\/archive.sana.sy\/es\/wp-content\/uploads\/2019\/11\/4-297-150x100.jpg 150w, https:\/\/archive.sana.sy\/es\/wp-content\/uploads\/2019\/11\/4-297-310x205.jpg 310w\" sizes=\"(max-width: 660px) 100vw, 660px\" \/><\/a>\n\t\t\t<\/div><\/figure><figure class='gallery-item'>\n\t\t\t<div class='gallery-icon landscape'>\n\t\t\t\t<a href='https:\/\/archive.sana.sy\/es\/wp-content\/uploads\/2019\/11\/6-221.jpg'><img loading=\"lazy\" decoding=\"async\" width=\"660\" height=\"439\" src=\"https:\/\/archive.sana.sy\/es\/wp-content\/uploads\/2019\/11\/6-221.jpg\" class=\"attachment-full size-full\" alt=\"\" srcset=\"https:\/\/archive.sana.sy\/es\/wp-content\/uploads\/2019\/11\/6-221.jpg 660w, https:\/\/archive.sana.sy\/es\/wp-content\/uploads\/2019\/11\/6-221-300x200.jpg 300w, https:\/\/archive.sana.sy\/es\/wp-content\/uploads\/2019\/11\/6-221-150x100.jpg 150w, https:\/\/archive.sana.sy\/es\/wp-content\/uploads\/2019\/11\/6-221-310x205.jpg 310w\" sizes=\"(max-width: 660px) 100vw, 660px\" \/><\/a>\n\t\t\t<\/div><\/figure><figure class='gallery-item'>\n\t\t\t<div class='gallery-icon portrait'>\n\t\t\t\t<a href='https:\/\/archive.sana.sy\/es\/wp-content\/uploads\/2019\/11\/7-187.jpg'><img loading=\"lazy\" decoding=\"async\" width=\"660\" height=\"880\" src=\"https:\/\/archive.sana.sy\/es\/wp-content\/uploads\/2019\/11\/7-187.jpg\" class=\"attachment-full size-full\" alt=\"\" srcset=\"https:\/\/archive.sana.sy\/es\/wp-content\/uploads\/2019\/11\/7-187.jpg 660w, https:\/\/archive.sana.sy\/es\/wp-content\/uploads\/2019\/11\/7-187-225x300.jpg 225w, https:\/\/archive.sana.sy\/es\/wp-content\/uploads\/2019\/11\/7-187-113x150.jpg 113w\" sizes=\"(max-width: 660px) 100vw, 660px\" \/><\/a>\n\t\t\t<\/div><\/figure><figure class='gallery-item'>\n\t\t\t<div class='gallery-icon landscape'>\n\t\t\t\t<a href='https:\/\/archive.sana.sy\/es\/wp-content\/uploads\/2019\/11\/8-171-660x330.jpg'><img loading=\"lazy\" decoding=\"async\" width=\"660\" height=\"330\" src=\"https:\/\/archive.sana.sy\/es\/wp-content\/uploads\/2019\/11\/8-171-660x330.jpg\" class=\"attachment-full size-full\" alt=\"\" srcset=\"https:\/\/archive.sana.sy\/es\/wp-content\/uploads\/2019\/11\/8-171-660x330.jpg 660w, https:\/\/archive.sana.sy\/es\/wp-content\/uploads\/2019\/11\/8-171-660x330-300x150.jpg 300w, https:\/\/archive.sana.sy\/es\/wp-content\/uploads\/2019\/11\/8-171-660x330-150x75.jpg 150w\" sizes=\"(max-width: 660px) 100vw, 660px\" \/><\/a>\n\t\t\t<\/div><\/figure>\n\t\t<\/div>\n\n","protected":false},"excerpt":{"rendered":"<p>Damasco, SANA Un equipo m\u00e9dico del hospital Ibn al-Nafis en Damasco realiz\u00f3 una operaci\u00f3n quir\u00fargica para compensar la p\u00e9rdida del hueso del cr\u00e1neo de un joven de 30 a\u00f1os de edad, donde la secci\u00f3n faltante fue fabricada por primera vez en Siria empleando tecnolog\u00eda de impresi\u00f3n 3D. En una declaraci\u00f3n a SANA, el jefe del &hellip;<\/p>\n","protected":false},"author":30,"featured_media":122239,"comment_status":"closed","ping_status":"closed","sticky":false,"template":"","format":"standard","meta":{"footnotes":""},"categories":[597,476,571,7541],"tags":[17063],"class_list":["post-122234","post","type-post","status-publish","format-standard","has-post-thumbnail","","category-cinta-de-noticias","category-locales","category-siria-en-fotos","category-ultimas-noticias","tag-por-primera-vez-en-siria-cirugia-para-compensar-una-seccion-faltante-del-craneo-con-tecnologia-de-impresion-3d"],"_links":{"self":[{"href":"https:\/\/archive.sana.sy\/es\/index.php?rest_route=\/wp\/v2\/posts\/122234"}],"collection":[{"href":"https:\/\/archive.sana.sy\/es\/index.php?rest_route=\/wp\/v2\/posts"}],"about":[{"href":"https:\/\/archive.sana.sy\/es\/index.php?rest_route=\/wp\/v2\/types\/post"}],"author":[{"embeddable":true,"href":"https:\/\/archive.sana.sy\/es\/index.php?rest_route=\/wp\/v2\/users\/30"}],"replies":[{"embeddable":true,"href":"https:\/\/archive.sana.sy\/es\/index.php?rest_route=%2Fwp%2Fv2%2Fcomments&post=122234"}],"version-history":[{"count":0,"href":"https:\/\/archive.sana.sy\/es\/index.php?rest_route=\/wp\/v2\/posts\/122234\/revisions"}],"wp:featuredmedia":[{"embeddable":true,"href":"https:\/\/archive.sana.sy\/es\/index.php?rest_route=\/wp\/v2\/media\/122239"}],"wp:attachment":[{"href":"https:\/\/archive.sana.sy\/es\/index.php?rest_route=%2Fwp%2Fv2%2Fmedia&parent=122234"}],"wp:term":[{"taxonomy":"category","embeddable":true,"href":"https:\/\/archive.sana.sy\/es\/index.php?rest_route=%2Fwp%2Fv2%2Fcategories&post=122234"},{"taxonomy":"post_tag","embeddable":true,"href":"https:\/\/archive.sana.sy\/es\/index.php?rest_route=%2Fwp%2Fv2%2Ftags&post=122234"}],"curies":[{"name":"wp","href":"https:\/\/api.w.org\/{rel}","templated":true}]}}