{"id":122257,"date":"2019-11-29T15:04:32","date_gmt":"2019-11-29T13:04:32","guid":{"rendered":"http:\/\/sana.sy\/es\/?p=122257"},"modified":"2019-11-29T18:28:58","modified_gmt":"2019-11-29T16:28:58","slug":"un-civil-murio-al-estallarse-una-carga-explosiva-en-quneitra","status":"publish","type":"post","link":"https:\/\/archive.sana.sy\/es\/?p=122257","title":{"rendered":"Un civil muri\u00f3 al estallarse una carga explosiva en Quneitra"},"content":{"rendered":"<p style=\"text-align: justify;\"><span style=\"color: #800000;\">Quneitra, SANA<\/span><\/p>\n<p style=\"text-align: justify;\">Un civil muri\u00f3 cuando un artefacto explosivo estall\u00f3 al sur de la ciudad de Hadar, en el campo septentrional de Quneitra.<\/p>\n<p style=\"text-align: justify;\">Un artefacto explosivo remanente de las organizaciones terroristas explot\u00f3 esta ma\u00f1ana mientras un residente trabajaba en su tierra agr\u00edcola en al-Hamriya, al sur de la ciudad de Hadar, mat\u00e1ndolo en el acto, report\u00f3 el corresponsal de SANA.<\/p>\n<p style=\"text-align: justify;\">Una fuente m\u00e9dica en el Hospital del m\u00e1rtir Mamdouh Abaza dijo a SANA que el hospital recibi\u00f3 el cuerpo de un hombre que muri\u00f3 afectado por metrallas de un artefacto explosivo abandonado por terroristas.<\/p>\n<p style=\"text-align: justify;\">Las otrora organizaciones armadas plantaban explosivos en las carreteras que actualmente a menudo explotan con civiles, causando m\u00e1rtires y heridos.<\/p>\n<p style=\"text-align: justify;\"><span style=\"color: #0000ff;\">A. H.\/ R. Sh.<\/span><\/p>\n","protected":false},"excerpt":{"rendered":"<p>Quneitra, SANA Un civil muri\u00f3 cuando un artefacto explosivo estall\u00f3 al sur de la ciudad de Hadar, en el campo septentrional de Quneitra. Un artefacto explosivo remanente de las organizaciones terroristas explot\u00f3 esta ma\u00f1ana mientras un residente trabajaba en su tierra agr\u00edcola en al-Hamriya, al sur de la ciudad de Hadar, mat\u00e1ndolo en el acto, &hellip;<\/p>\n","protected":false},"author":30,"featured_media":122258,"comment_status":"closed","ping_status":"closed","sticky":false,"template":"","format":"standard","meta":{"footnotes":""},"categories":[597,573],"tags":[17065],"class_list":["post-122257","post","type-post","status-publish","format-standard","has-post-thumbnail","","category-cinta-de-noticias","category-la-realidad-de-los-acontecimientos-en-siria","tag-un-civil-murio-al-estallarse-una-carga-explosiva-en-quneitra"],"_links":{"self":[{"href":"https:\/\/archive.sana.sy\/es\/index.php?rest_route=\/wp\/v2\/posts\/122257"}],"collection":[{"href":"https:\/\/archive.sana.sy\/es\/index.php?rest_route=\/wp\/v2\/posts"}],"about":[{"href":"https:\/\/archive.sana.sy\/es\/index.php?rest_route=\/wp\/v2\/types\/post"}],"author":[{"embeddable":true,"href":"https:\/\/archive.sana.sy\/es\/index.php?rest_route=\/wp\/v2\/users\/30"}],"replies":[{"embeddable":true,"href":"https:\/\/archive.sana.sy\/es\/index.php?rest_route=%2Fwp%2Fv2%2Fcomments&post=122257"}],"version-history":[{"count":0,"href":"https:\/\/archive.sana.sy\/es\/index.php?rest_route=\/wp\/v2\/posts\/122257\/revisions"}],"wp:featuredmedia":[{"embeddable":true,"href":"https:\/\/archive.sana.sy\/es\/index.php?rest_route=\/wp\/v2\/media\/122258"}],"wp:attachment":[{"href":"https:\/\/archive.sana.sy\/es\/index.php?rest_route=%2Fwp%2Fv2%2Fmedia&parent=122257"}],"wp:term":[{"taxonomy":"category","embeddable":true,"href":"https:\/\/archive.sana.sy\/es\/index.php?rest_route=%2Fwp%2Fv2%2Fcategories&post=122257"},{"taxonomy":"post_tag","embeddable":true,"href":"https:\/\/archive.sana.sy\/es\/index.php?rest_route=%2Fwp%2Fv2%2Ftags&post=122257"}],"curies":[{"name":"wp","href":"https:\/\/api.w.org\/{rel}","templated":true}]}}