{"id":122260,"date":"2019-11-29T14:00:48","date_gmt":"2019-11-29T12:00:48","guid":{"rendered":"http:\/\/sana.sy\/es\/?p=122260"},"modified":"2019-11-29T16:23:22","modified_gmt":"2019-11-29T14:23:22","slug":"el-prisionero-sidqui-al-maqt-rechaza-ser-liberado-a-cambio-de-exiliarse-del-golan-sirio-ocupado","status":"publish","type":"post","link":"https:\/\/archive.sana.sy\/es\/?p=122260","title":{"rendered":"El prisionero Sidqui al-Maqt rechaza ser liberado a cambio de exiliarse del Gol\u00e1n sirio ocupado"},"content":{"rendered":"<p style=\"text-align: justify;\"><span style=\"color: #800000;\">Quneitra, SANA<\/span><\/p>\n<p style=\"text-align: justify;\">El decano de prisioneros sirios y \u00e1rabes en las c\u00e1rceles de la ocupaci\u00f3n israel\u00ed, el militante Sidqui al-Maqt, renov\u00f3 su adhesi\u00f3n a la resistencia y lucha contra la ocupaci\u00f3n al rechazar ser puesto en libertad a cambio de aceptar exilarse del Gol\u00e1n sirio ocupado.<\/p>\n<p style=\"text-align: justify;\">En un mensaje enviado a su familia en el Gol\u00e1n desde\u00a0 la c\u00e1rcel de al-Nakab (Neguev) en el sur de Palestina ocupada, al-Maqt confirm\u00f3 haber rechazado una propuesta de liberarlo a condici\u00f3n de exiliarse de su localidad Magdal Shams, reafirmando su filiaci\u00f3n patri\u00f3tica siria e identidad y apego a su localidad natal.<\/p>\n<p style=\"text-align: justify;\">\u00a0Al-Maqt se\u00f1al\u00f3 que dicha oferta forma parte de la pol\u00edtica represiva de la ocupaci\u00f3n que procura desterrar a las estaturas patri\u00f3ticas del Gol\u00e1n sirio ocupado, tal y como hab\u00edan hecho con varios l\u00edderes palestinos, por lo cual \u00e9l subraya su derecho leg\u00edtimo a vivir en su tierra ancestral.<\/p>\n<p style=\"text-align: justify;\"><span style=\"color: #0000ff;\">R. Sh.\/ A. H.<\/span><\/p>\n","protected":false},"excerpt":{"rendered":"<p>Quneitra, SANA El decano de prisioneros sirios y \u00e1rabes en las c\u00e1rceles de la ocupaci\u00f3n israel\u00ed, el militante Sidqui al-Maqt, renov\u00f3 su adhesi\u00f3n a la resistencia y lucha contra la ocupaci\u00f3n al rechazar ser puesto en libertad a cambio de aceptar exilarse del Gol\u00e1n sirio ocupado. En un mensaje enviado a su familia en el &hellip;<\/p>\n","protected":false},"author":30,"featured_media":122261,"comment_status":"closed","ping_status":"closed","sticky":false,"template":"","format":"standard","meta":{"footnotes":""},"categories":[597,476],"tags":[17066],"class_list":["post-122260","post","type-post","status-publish","format-standard","has-post-thumbnail","","category-cinta-de-noticias","category-locales","tag-el-prisionero-sidqui-al-maqt-rechaza-ser-liberado-a-cambio-de-exiliarse-del-golan-sirio-ocupado"],"_links":{"self":[{"href":"https:\/\/archive.sana.sy\/es\/index.php?rest_route=\/wp\/v2\/posts\/122260"}],"collection":[{"href":"https:\/\/archive.sana.sy\/es\/index.php?rest_route=\/wp\/v2\/posts"}],"about":[{"href":"https:\/\/archive.sana.sy\/es\/index.php?rest_route=\/wp\/v2\/types\/post"}],"author":[{"embeddable":true,"href":"https:\/\/archive.sana.sy\/es\/index.php?rest_route=\/wp\/v2\/users\/30"}],"replies":[{"embeddable":true,"href":"https:\/\/archive.sana.sy\/es\/index.php?rest_route=%2Fwp%2Fv2%2Fcomments&post=122260"}],"version-history":[{"count":0,"href":"https:\/\/archive.sana.sy\/es\/index.php?rest_route=\/wp\/v2\/posts\/122260\/revisions"}],"wp:featuredmedia":[{"embeddable":true,"href":"https:\/\/archive.sana.sy\/es\/index.php?rest_route=\/wp\/v2\/media\/122261"}],"wp:attachment":[{"href":"https:\/\/archive.sana.sy\/es\/index.php?rest_route=%2Fwp%2Fv2%2Fmedia&parent=122260"}],"wp:term":[{"taxonomy":"category","embeddable":true,"href":"https:\/\/archive.sana.sy\/es\/index.php?rest_route=%2Fwp%2Fv2%2Fcategories&post=122260"},{"taxonomy":"post_tag","embeddable":true,"href":"https:\/\/archive.sana.sy\/es\/index.php?rest_route=%2Fwp%2Fv2%2Ftags&post=122260"}],"curies":[{"name":"wp","href":"https:\/\/api.w.org\/{rel}","templated":true}]}}