{"id":122263,"date":"2019-11-29T15:58:01","date_gmt":"2019-11-29T13:58:01","guid":{"rendered":"http:\/\/sana.sy\/es\/?p=122263"},"modified":"2019-11-30T09:49:05","modified_gmt":"2019-11-30T07:49:05","slug":"al-kezbari-no-pudimos-celebrar-ninguna-reunion-debido-a-la-abstinencia-del-otro-bando","status":"publish","type":"post","link":"https:\/\/archive.sana.sy\/es\/?p=122263","title":{"rendered":"Kezbari: la delegaci\u00f3n del r\u00e9gimen turco trunc\u00f3 las reuniones del Comit\u00e9 de Debate de la Constituci\u00f3n"},"content":{"rendered":"<p style=\"text-align: justify;\"><span style=\"color: #800000;\">Ginebra, SANA<\/span><\/p>\n<p style=\"text-align: justify;\">El copresidente participante en el Comit\u00e9 de Debate de la Constituci\u00f3n, Ahmad Kezbari, afirm\u00f3 que el subcomit\u00e9 no pudo celebrar ninguna reuni\u00f3n durante la segunda ronda de conversaciones de Ginebra a causa del rechazo de la delegaci\u00f3n del r\u00e9gimen turco a debatir la agenda y los \u201cpilares nacionales\u201d.<\/p>\n<p style=\"text-align: justify;\">En una declaraci\u00f3n a los periodistas en Ginebra, Kezbari explic\u00f3 que la delegaci\u00f3n nacional acudi\u00f3 a Ginebra con una seriedad plena pero la delegaci\u00f3n del r\u00e9gimen turco se neg\u00f3 a debatir la agenda porque se gu\u00eda por los estados que la apadrinan.<\/p>\n<p style=\"text-align: justify;\">\u201cLa delegaci\u00f3n nacional ofreci\u00f3 una propuesta pero fue rechazada de antemano a trav\u00e9s de los medios y no por el conducto oficial lo cual infringe la conducta acordada con anterioridad\u201d, explic\u00f3.<\/p>\n<p style=\"text-align: justify;\">Kezbari agreg\u00f3 que \u201clos pilares nacionales\u201d b\u00e1sicos rechazados por la delegaci\u00f3n del r\u00e9gimen turco son los soportes que importan al pueblo sirio, los cuales son: el rechazo a la ocupaci\u00f3n, criminalizar cualquier trato con el ocupante y el combate al terrorismo.<\/p>\n<p style=\"text-align: justify;\"><span style=\"color: #0000ff;\">R. Sh.\/ A.H.\/ F. M.<\/span><\/p>\n","protected":false},"excerpt":{"rendered":"<p>Ginebra, SANA El copresidente participante en el Comit\u00e9 de Debate de la Constituci\u00f3n, Ahmad Kezbari, afirm\u00f3 que el subcomit\u00e9 no pudo celebrar ninguna reuni\u00f3n durante la segunda ronda de conversaciones de Ginebra a causa del rechazo de la delegaci\u00f3n del r\u00e9gimen turco a debatir la agenda y los \u201cpilares nacionales\u201d. En una declaraci\u00f3n a los &hellip;<\/p>\n","protected":false},"author":30,"featured_media":122264,"comment_status":"closed","ping_status":"closed","sticky":false,"template":"","format":"standard","meta":{"footnotes":""},"categories":[597,467,7541],"tags":[17067],"class_list":["post-122263","post","type-post","status-publish","format-standard","has-post-thumbnail","","category-cinta-de-noticias","category-siria-y-el-mundo","category-ultimas-noticias","tag-al-kezbari-no-pudimos-celebrar-ninguna-reunion-debido-a-la-abstinencia-del-otro-bando"],"_links":{"self":[{"href":"https:\/\/archive.sana.sy\/es\/index.php?rest_route=\/wp\/v2\/posts\/122263"}],"collection":[{"href":"https:\/\/archive.sana.sy\/es\/index.php?rest_route=\/wp\/v2\/posts"}],"about":[{"href":"https:\/\/archive.sana.sy\/es\/index.php?rest_route=\/wp\/v2\/types\/post"}],"author":[{"embeddable":true,"href":"https:\/\/archive.sana.sy\/es\/index.php?rest_route=\/wp\/v2\/users\/30"}],"replies":[{"embeddable":true,"href":"https:\/\/archive.sana.sy\/es\/index.php?rest_route=%2Fwp%2Fv2%2Fcomments&post=122263"}],"version-history":[{"count":0,"href":"https:\/\/archive.sana.sy\/es\/index.php?rest_route=\/wp\/v2\/posts\/122263\/revisions"}],"wp:featuredmedia":[{"embeddable":true,"href":"https:\/\/archive.sana.sy\/es\/index.php?rest_route=\/wp\/v2\/media\/122264"}],"wp:attachment":[{"href":"https:\/\/archive.sana.sy\/es\/index.php?rest_route=%2Fwp%2Fv2%2Fmedia&parent=122263"}],"wp:term":[{"taxonomy":"category","embeddable":true,"href":"https:\/\/archive.sana.sy\/es\/index.php?rest_route=%2Fwp%2Fv2%2Fcategories&post=122263"},{"taxonomy":"post_tag","embeddable":true,"href":"https:\/\/archive.sana.sy\/es\/index.php?rest_route=%2Fwp%2Fv2%2Ftags&post=122263"}],"curies":[{"name":"wp","href":"https:\/\/api.w.org\/{rel}","templated":true}]}}