{"id":12233,"date":"2014-11-08T14:27:17","date_gmt":"2014-11-08T12:27:17","guid":{"rendered":"http:\/\/www.sana.sy\/es\/?p=12233"},"modified":"2014-11-08T14:27:17","modified_gmt":"2014-11-08T12:27:17","slug":"mekdad-los-planes-antisirias-de-erdogan-y-hollande-estan-condenados-al-fracaso","status":"publish","type":"post","link":"https:\/\/archive.sana.sy\/es\/?p=12233","title":{"rendered":"Mekdad: los planes antisirias de Erdogan y Hollande est\u00e1n condenados al fracaso"},"content":{"rendered":"<p>Beirut, SANA<\/p>\n<p>El vicecanciller Dr. Faisal al-Mekdad subray\u00f3 que los intentos del presidente franc\u00e9s Fran\u00e7ois Hollande, y el primer ministro turco Recep Tayyip Erdogan, para implementar sus planes aniti siria est\u00e1n condenados al fracaso.<\/p>\n<p>En un art\u00edculo publicado este s\u00e1bado en el diario liban\u00e9s \u201cal-Binaa\u201d, el alto pol\u00edtico sirio aludi\u00f3 a la profunda hipocres\u00eda de las pol\u00edticas francesas y turcas. Francia desempe\u00f1\u00f3 enormes esfuerzos para impedir la adhesi\u00f3n de Turqu\u00eda a la Uni\u00f3n Europea (UE), y la acus\u00f3 de perpetrar genocidios contra el pueblo armenio. La reacci\u00f3n del Gobierno turco hacia estas posiciones francesas no era menos violenta, explic\u00f3.<\/p>\n<p>Sin embargo, Hollande y su canciller profundizaron sus relaciones con los pa\u00edses que apoyan al terrorismo en Siria, entre ellas Turqu\u00eda que financi\u00f3 a los terroristas y coordin\u00f3 con la inteligencia de EEUU y el ente sionista para crear la denominada \u201cprimavera \u00e1rabe\u201d para hacer llegar a la Hermandad Musulmana al poder en los pa\u00edses \u00e1rabes, como un paso que allanar\u00e1 el camino al establecimiento del califato otomano de Erdogan.<br \/>\nEl presidente franc\u00e9s acord\u00f3 con Erdogna que la misi\u00f3n principal para ellos es continuar su lucha contra el Estado sirio y dividirlo al adoptar pol\u00edticas \u201cirresponsables\u201d.<\/p>\n<p>El Vicecanciller sirio se\u00f1al\u00f3 que Erdogan y Hollande se volvieron \u201chist\u00e9ricos\u201d al acercar el derrote de sus terroristas en Alepo.<\/p>\n<p>Al-Mekdad concluy\u00f3 su art\u00edculo recalcando que quien desea acabar con los cr\u00edmenes del Estado Isl\u00e1mico en Alepo tiene una sola opci\u00f3n que es apoyar al ej\u00e9rcito sirio en sus operativos antiterroristas, asegurando que el mismo vencer\u00e1 en dicha provincia, luego en Raqqa y Ayn al-Arab y todas las \u00e1reas sirias.<\/p>\n<p>&nbsp;<\/p>\n<p>&nbsp;<\/p>\n<p>Lynn A.<\/p>\n","protected":false},"excerpt":{"rendered":"<p>Beirut, SANA El vicecanciller Dr. Faisal al-Mekdad subray\u00f3 que los intentos del presidente franc\u00e9s Fran\u00e7ois Hollande, y el primer ministro turco Recep Tayyip Erdogan, para implementar sus planes aniti siria est\u00e1n condenados al fracaso. En un art\u00edculo publicado este s\u00e1bado en el diario liban\u00e9s \u201cal-Binaa\u201d, el alto pol\u00edtico sirio aludi\u00f3 a la profunda hipocres\u00eda de &hellip;<\/p>\n","protected":false},"author":24,"featured_media":9211,"comment_status":"closed","ping_status":"closed","sticky":false,"template":"","format":"standard","meta":{"footnotes":""},"categories":[555,576],"tags":[2760],"class_list":["post-12233","post","type-post","status-publish","format-standard","has-post-thumbnail","","category-prensa","category-noticias-politicas","tag-mekdad-los-planes-antisirias-de-erdogan-y-hollande-estan-condenados-al-fracaso"],"_links":{"self":[{"href":"https:\/\/archive.sana.sy\/es\/index.php?rest_route=\/wp\/v2\/posts\/12233"}],"collection":[{"href":"https:\/\/archive.sana.sy\/es\/index.php?rest_route=\/wp\/v2\/posts"}],"about":[{"href":"https:\/\/archive.sana.sy\/es\/index.php?rest_route=\/wp\/v2\/types\/post"}],"author":[{"embeddable":true,"href":"https:\/\/archive.sana.sy\/es\/index.php?rest_route=\/wp\/v2\/users\/24"}],"replies":[{"embeddable":true,"href":"https:\/\/archive.sana.sy\/es\/index.php?rest_route=%2Fwp%2Fv2%2Fcomments&post=12233"}],"version-history":[{"count":0,"href":"https:\/\/archive.sana.sy\/es\/index.php?rest_route=\/wp\/v2\/posts\/12233\/revisions"}],"wp:featuredmedia":[{"embeddable":true,"href":"https:\/\/archive.sana.sy\/es\/index.php?rest_route=\/wp\/v2\/media\/9211"}],"wp:attachment":[{"href":"https:\/\/archive.sana.sy\/es\/index.php?rest_route=%2Fwp%2Fv2%2Fmedia&parent=12233"}],"wp:term":[{"taxonomy":"category","embeddable":true,"href":"https:\/\/archive.sana.sy\/es\/index.php?rest_route=%2Fwp%2Fv2%2Fcategories&post=12233"},{"taxonomy":"post_tag","embeddable":true,"href":"https:\/\/archive.sana.sy\/es\/index.php?rest_route=%2Fwp%2Fv2%2Ftags&post=12233"}],"curies":[{"name":"wp","href":"https:\/\/api.w.org\/{rel}","templated":true}]}}