{"id":122361,"date":"2019-12-01T07:23:48","date_gmt":"2019-12-01T05:23:48","guid":{"rendered":"http:\/\/sana.sy\/es\/?p=122361"},"modified":"2019-12-01T07:23:48","modified_gmt":"2019-12-01T05:23:48","slug":"resumen-de-sana-sobre-las-noticias-de-siria-en-las-ultimas-24-horas","status":"publish","type":"post","link":"https:\/\/archive.sana.sy\/es\/?p=122361","title":{"rendered":"Resumen de SANA sobre las noticias de Siria en las \u00faltimas 24 horas"},"content":{"rendered":"<p style=\"text-align: justify;\"><strong><span style=\"color: #800000;\">Damasco, SANA<\/span><\/strong><\/p>\n<p style=\"text-align: justify;\">Les ofrecemos a continuaci\u00f3n un resumen de las noticias nacionales e internacionales relativas a Siria y difundidas por nuestra agencia en las \u00faltimas 24 horas:<\/p>\n<p style=\"text-align: justify;\"><span style=\"color: #0000ff;\"><strong>Unas 13 v\u00edctimas por el estallido de un coche bomba en provincia de Raqa<\/strong><\/span><\/p>\n<p style=\"text-align: justify;\">Unos 13 civiles murieron o resultaron heridos por la explosi\u00f3n de un coche bomba en la localidad de Ain al-Arous, en el norte de la provincia nororiental de Raqa.<\/p>\n<p style=\"text-align: justify;\">La mencionada localidad se ubica al sur de la ciudad de Tal Abyad y ambas se encuentran bajo ocupaci\u00f3n las fuerzas turcas y sus agrupaciones mercenarias.<\/p>\n<p style=\"text-align: justify;\">Seg\u00fan informaron fuentes civiles, un veh\u00edculo minado con explosivos estall\u00f3 en el centro de la localidad y mat\u00f3 e hiri\u00f3 a 13 civiles, y caus\u00f3 da\u00f1os materiales en las casas y las propiedades.<\/p>\n<p style=\"text-align: justify;\">El caos, la inseguridad y las rivalidades entre los grupos terroristas y sus l\u00edderes en su af\u00e1n por acaparar influencias y bienes materiales han sido comunes en la ciudad de Ain al-Arous, desde su ocupaci\u00f3n por las fuerzas del r\u00e9gimen turco y sus legionarios.<\/p>\n<p style=\"text-align: justify;\"><strong><span style=\"color: #0000ff;\">Contin\u00faan pugnas entre terroristas pro turcos, y mueren efectivos del ocupante turco en explosi\u00f3n en Ras al-Ain<\/span><\/strong><\/p>\n<p style=\"text-align: justify;\">Un n\u00famero de soldados de las fuerzas de ocupaci\u00f3n turca y sus terroristas mercenarios murieron en una explosi\u00f3n acaecida en un cuartel en la localidad de Tal Halaf, cerca de la ciudad de Ras al-Ain al noroeste de Hasakeh.<\/p>\n<p style=\"text-align: justify;\">Seg\u00fan report\u00f3 el corresponsal de SANA en Hasakeh, una explosi\u00f3n que a\u00fan se desconocen sus causas, mat\u00f3 a soldados del ocupante turco y varios de sus terroristas, en un edificio de la localidad de Tal Halaf .<\/p>\n<p style=\"text-align: justify;\">Las personas muertas o heridas a consecuencia del atentado fueron trasladadas a Turqu\u00eda.<\/p>\n<p style=\"text-align: justify;\">Entretanto, se produjeron enfrentamientos entre los mercenarios que operan bajo mando turco en la ciudad de Ras al-Ain debido a disputas sobre el reparto de botines saqueados de la zona.<\/p>\n<p style=\"text-align: justify;\">Por otra parte, camiones de las tropas de ocupaci\u00f3n turcas trasladaron habitaciones prefabricadas hacia la localidad de Abu Rasen en el campo noroccidental de Hasakeh, seg\u00fan reportaron fuentes civiles.<\/p>\n<p style=\"text-align: justify;\">Esto se suma a 13 camiones cargados con material de construcci\u00f3n que fueron introducidos el viernes \u00faltimo en la ciudad de Ras al-Ain para reforzar los puntos militares cerca de la ciudad.<\/p>\n<p style=\"text-align: justify;\">En paralelo, las tropas de ocupaci\u00f3n yanquis introdujeron desde Irak unos 20 camiones con material log\u00edstico para blindar su presencia ilegal en determinadas zonas de la provincia de Hasakeh.<\/p>\n<p style=\"text-align: justify;\"><strong><span style=\"color: #0000ff;\">Mueren dos ni\u00f1os en la explosi\u00f3n de una mina al este de Damasco<\/span><\/strong><\/p>\n<p style=\"text-align: justify;\">Dos ni\u00f1os perdieron la vida por la explosi\u00f3n de una mina remanente de las organizaciones terroristas armadas que ocupaban a la regi\u00f3n de Ghouta Oriental, al este de la capital.<\/p>\n<p style=\"text-align: justify;\">\u201cDos ni\u00f1os, de ocho y nueve a\u00f1os de edad, murieron al estallarse una mina mientras pastoreaban sus ovejas en el poblado de Hosh Nasri en el municipio de Duma en Ghouta Oriental\u201d, inform\u00f3 la polic\u00eda en un comunicado.<\/p>\n<p style=\"text-align: justify;\">El mes \u00faltimo, una mujer muri\u00f3 en un incidente similar mientras laboraba en su huerto en la regi\u00f3n de Ghouta.<\/p>\n<p style=\"text-align: justify;\">Ghouta Oriental fue liberada de las agrupaciones terroristas en el verano del 2018.<\/p>\n<p style=\"text-align: justify;\"><strong><span style=\"color: #0000ff;\">Fuerzas del ocupante turco deportan a los civiles en la zonas ocupadas<\/span><\/strong><\/p>\n<p style=\"text-align: justify;\">Las fuerzas de ocupaci\u00f3n turcas y sus mercenarios terroristas contin\u00faan sus pr\u00e1cticas represivas y criminales contra la poblaci\u00f3n civil en las ciudades y poblados que ocuparon en la provincia de Hasakeh.<\/p>\n<p style=\"text-align: justify;\">Seg\u00fan reportes de \u00faltima hora del corresponsal de SANA, soldados turcos y terroristas secuestraron a un n\u00famero j\u00f3venes cerca de la aldea Asadiya, jurisdicci\u00f3n del municipio de Ras al-Ain, al noroeste de Hasakeh, mientras trabajaban en las tierras agr\u00edcolas y exigieron de sus familias sumas de dinero como rescate para su liberaci\u00f3n.<\/p>\n<p style=\"text-align: justify;\">En las aldeas de Hakeymeh, Hammamet y Abaab, los mercenarios del ocupante turco asaltaron a los pobladores y los golpearon para obligarlos a abandonar sus hogares para sustituirlos por familias de los terroristas, en un intento de realizar un cambio demogr\u00e1fico en la zona.<\/p>\n<p style=\"text-align: justify;\">Confirm\u00f3 que las presiones y pr\u00e1cticas arbitrarias hicieron que varias familias dejaran sus hogares en las localidades de Ras al-Ain.<\/p>\n<p style=\"text-align: justify;\">Por otro lado, se report\u00f3 el ingreso de camiones de la ocupaci\u00f3n turca que transportaban materiales de construcci\u00f3n a trav\u00e9s de la aldea fronteriza de Sukkariyeh en direcci\u00f3n hacia las aldeas de Daoudia, Tal Muhammad, Aneq Hawa y Mahmudiya.<\/p>\n<p style=\"text-align: justify;\">Luego, un convoy militar turco compuesto por 13 veh\u00edculos entr\u00f3 desde Turqu\u00eda a la ciudad de Ras al-Ain para fortalecer los puntos militares establecidos en la zona.<\/p>\n<p style=\"text-align: justify;\"><span style=\"color: #0000ff;\"><strong>Ante la Asamblea Parlamentaria del Mediterr\u00e1neo, Damasco asegura que el terrorismo representa amenaza para Siria y el mundo entero<\/strong><\/span><\/p>\n<p style=\"text-align: justify;\">Siria particip\u00f3 en la reuni\u00f3n de la Asamblea Parlamentaria del Mediterr\u00e1neo que tuvo lugar en la sede del Senado italiano y abord\u00f3 como tema principal la lucha contra el terrorismo.<\/p>\n<p style=\"text-align: justify;\">El orden del d\u00eda de la reuni\u00f3n incluy\u00f3 varios temas relacionados con la evaluaci\u00f3n de las actividades de la Asamblea como la seguridad fronteriza, el intercambio de informaci\u00f3n, el problema de los terroristas extranjeros y la importancia de reforzar la solidaridad con las v\u00edctimas del terrorismo.<\/p>\n<p style=\"text-align: justify;\">El jefe de la delegaci\u00f3n siria que participa en la reuni\u00f3n, el diputado Rami Saleh, secretario de la Asamblea Popular (parlamento), se\u00f1al\u00f3 en un discurso que el terrorismo representa un desaf\u00edo importante y una amenaza que apunta no s\u00f3lo a Siria sino a todos los pa\u00edses del mundo.<\/p>\n<p style=\"text-align: justify;\">Subray\u00f3 que la lucha contra el terrorismo comienza mediante el establecimiento de una legislaci\u00f3n clara, y agreg\u00f3 que el parlamento sirio aprob\u00f3 una ley especial para la lucha antiterrorista.<\/p>\n<p style=\"text-align: justify;\">Al margen de la reuni\u00f3n, la delegaci\u00f3n parlamentaria siria se reuni\u00f3 con distinguidas personalidades participantes a quienes explic\u00f3 las grandes victorias logradas por el ej\u00e9rcito sirio y el impacto de las medidas coercitivas unilaterales impuestas al pueblo sirio.<\/p>\n<p style=\"text-align: justify;\"><strong><span style=\"color: #0000ff;\">Pel\u00edcula siria gana el premio de mejor direcci\u00f3n en el Festival Internacional de Marrakech<\/span><\/strong><\/p>\n<p style=\"text-align: justify;\">La pel\u00edcula siria \u201cNahri Bahri\u201d, dirigida por el cineasta Muhannad Kalthoum, gan\u00f3 el premio por la mejor direcci\u00f3n en el Festival Internacional de Cultura de Marrakech cuya 4\u00aa edici\u00f3n se celebra en estos d\u00edas en Marruecos.<\/p>\n<p style=\"text-align: justify;\">La pel\u00edcula que fue producida por la Fundaci\u00f3n General de Cine, fue escrita por Samer Ismail, y cuenta la historia de una chica que se enamora de un pescador junto a la playa del mar en el contexto de las repercusiones de la guerra terrorista.<\/p>\n<p style=\"text-align: justify;\">Este es el tercer premio que obtiene esta pel\u00edcula despu\u00e9s de ganarse el premio a la mejor direcci\u00f3n en el Festival Internacional de Cine \u201cNour\u201d en Marruecos y el Premio del P\u00fablico en el Festival Nacional de Cine y Medio Ambiente en el pa\u00eds magreb\u00ed.<\/p>\n<p style=\"text-align: justify;\"><span style=\"color: #0000ff;\"><strong>F.M<\/strong><\/span><\/p>\n","protected":false},"excerpt":{"rendered":"<p>Damasco, SANA Les ofrecemos a continuaci\u00f3n un resumen de las noticias nacionales e internacionales relativas a Siria y difundidas por nuestra agencia en las \u00faltimas 24 horas: Unas 13 v\u00edctimas por el estallido de un coche bomba en provincia de Raqa Unos 13 civiles murieron o resultaron heridos por la explosi\u00f3n de un coche bomba &hellip;<\/p>\n","protected":false},"author":34,"featured_media":121558,"comment_status":"closed","ping_status":"closed","sticky":false,"template":"","format":"standard","meta":{"footnotes":""},"categories":[477,447,597,476,7541],"tags":[],"class_list":["post-122361","post","type-post","status-publish","format-standard","has-post-thumbnail","","category-noticias-edulcorantes","category-local-politica","category-cinta-de-noticias","category-locales","category-ultimas-noticias"],"_links":{"self":[{"href":"https:\/\/archive.sana.sy\/es\/index.php?rest_route=\/wp\/v2\/posts\/122361"}],"collection":[{"href":"https:\/\/archive.sana.sy\/es\/index.php?rest_route=\/wp\/v2\/posts"}],"about":[{"href":"https:\/\/archive.sana.sy\/es\/index.php?rest_route=\/wp\/v2\/types\/post"}],"author":[{"embeddable":true,"href":"https:\/\/archive.sana.sy\/es\/index.php?rest_route=\/wp\/v2\/users\/34"}],"replies":[{"embeddable":true,"href":"https:\/\/archive.sana.sy\/es\/index.php?rest_route=%2Fwp%2Fv2%2Fcomments&post=122361"}],"version-history":[{"count":0,"href":"https:\/\/archive.sana.sy\/es\/index.php?rest_route=\/wp\/v2\/posts\/122361\/revisions"}],"wp:featuredmedia":[{"embeddable":true,"href":"https:\/\/archive.sana.sy\/es\/index.php?rest_route=\/wp\/v2\/media\/121558"}],"wp:attachment":[{"href":"https:\/\/archive.sana.sy\/es\/index.php?rest_route=%2Fwp%2Fv2%2Fmedia&parent=122361"}],"wp:term":[{"taxonomy":"category","embeddable":true,"href":"https:\/\/archive.sana.sy\/es\/index.php?rest_route=%2Fwp%2Fv2%2Fcategories&post=122361"},{"taxonomy":"post_tag","embeddable":true,"href":"https:\/\/archive.sana.sy\/es\/index.php?rest_route=%2Fwp%2Fv2%2Ftags&post=122361"}],"curies":[{"name":"wp","href":"https:\/\/api.w.org\/{rel}","templated":true}]}}