{"id":122364,"date":"2019-12-01T09:23:47","date_gmt":"2019-12-01T07:23:47","guid":{"rendered":"http:\/\/sana.sy\/es\/?p=122364"},"modified":"2023-01-10T15:34:51","modified_gmt":"2023-01-10T13:34:51","slug":"titulares-nacionales-e-internacionales-de-la-prensa-nacional-6","status":"publish","type":"post","link":"https:\/\/archive.sana.sy\/es\/?p=122364","title":{"rendered":"Titulares nacionales e internacionales de la prensa nacional"},"content":{"rendered":"<div>\n<p style=\"text-align: justify;\"><span style=\"color: #800000;\">Damasco, SANA<\/span><\/p>\n<p style=\"text-align: justify;\">Los principales diarios y medios de comunicaci\u00f3n sirios destacaron los siguientes titulares del \u00e1mbito nacional e internacional:<\/p>\n<p style=\"text-align: justify;\">&#8211;\u00a0\u00a0\u00a0\u00a0\u00a0\u00a0Contin\u00faan pugnas entre terroristas pro turcos, y mueren efectivos del ocupante turco en explosi\u00f3n en Ras al-Ain.<\/p>\n<p style=\"text-align: justify;\">&#8211;\u00a0\u00a0\u00a0\u00a0\u00a0\u00a0La Empresa Unida de Industria y Comercio vende productos por un valor de casi tres millones de USD y su producci\u00f3n de algod\u00f3n m\u00e9dico cubre las necesidades de Siria.<\/p>\n<p style=\"text-align: justify;\">&#8211;\u00a0\u00a0\u00a0\u00a0\u00a0\u00a0Asignan un presupuesto de casi cuatro millones de d\u00f3lares para los proyectos de irrigaci\u00f3n moderna.<\/p>\n<p style=\"text-align: justify;\">&#8211;\u00a0\u00a0\u00a0\u00a0\u00a0\u00a0Unas 13 v\u00edctimas por el estallido de un coche bomba en provincia de Raqa.<\/p>\n<p style=\"text-align: justify;\">&#8211;\u00a0\u00a0\u00a0\u00a0\u00a0\u00a0Mueren dos ni\u00f1os en la explosi\u00f3n de una mina al este de Damasco<\/p>\n<p style=\"text-align: justify;\">&#8211;\u00a0\u00a0\u00a0\u00a0\u00a0\u00a0Fuerzas del ocupante turco deportan a los civiles en la zonas ocupadas<\/p>\n<p style=\"text-align: justify;\">&#8211;\u00a0\u00a0\u00a0\u00a0\u00a0\u00a0Ante la Asamblea Parlamentaria del Mediterr\u00e1neo, Damasco asegura que el terrorismo representa amenaza para Siria y el mundo entero<\/p>\n<p style=\"text-align: justify;\">&#8211;\u00a0\u00a0\u00a0\u00a0\u00a0\u00a0Pel\u00edcula siria gana el premio de mejor direcci\u00f3n en el Festival Internacional de Marrakech.<\/p>\n<p style=\"text-align: justify;\">&#8211;\u00a0\u00a0\u00a0\u00a0\u00a0\u00a0Mueren nueve personas en el estrellamiento de un avi\u00f3n en el estado de Dakota del Sur en EE.UU.<\/p>\n<p style=\"text-align: justify;\">&#8211;\u00a0\u00a0\u00a0\u00a0\u00a0\u00a0Ir\u00e1n arresta a 20 personas que dirigen a los grupos que provocan los disturbios.<\/p>\n<p style=\"text-align: justify;\">&#8211;\u00a0\u00a0\u00a0\u00a0\u00a0\u00a0Derriban a un avi\u00f3n de reconocimiento perteneciente al agresor saudita sobre la zona de Hiran en Yemen<\/p>\n<p style=\"text-align: justify;\">&#8211;\u00a0\u00a0\u00a0\u00a0\u00a0\u00a0Muere un palestino por disparos de las fuerzas de ocupaci\u00f3n israel\u00edes en Cisjordania.<\/p>\n<p style=\"text-align: justify;\">&#8211;\u00a0\u00a0\u00a0\u00a0\u00a0\u00a0Miles de argelinos se manifiestan contra la injerencia extranjera en los asuntos de su pa\u00eds.<\/p>\n<p style=\"text-align: justify;\">&#8211;\u00a0\u00a0\u00a0\u00a0\u00a0\u00a0Muere un ni\u00f1o yemen\u00ed por el fuego de mercenarios de la agresi\u00f3n saudita en la provincia yemen\u00ed de Taiz.<\/p>\n<p style=\"text-align: justify;\">&#8211;\u00a0\u00a0\u00a0\u00a0\u00a0\u00a051 muertos en el terremoto de Albania y contin\u00faan las operaciones de rescate.<\/p>\n<p style=\"text-align: justify;\">&#8211;\u00a0\u00a0\u00a0\u00a0\u00a0\u00a0El primer ministro brit\u00e1nico califica de acto terrorista al ataque a pu\u00f1aladas en Londres.<\/p>\n<p style=\"text-align: justify;\">&#8211;\u00a0\u00a0\u00a0\u00a0\u00a0\u00a0Las fuerzas iraqu\u00edes bombardearon escondites de terroristas del Daesh en Kirkuk.<\/p>\n<p style=\"text-align: justify;\">&#8211;\u00a0\u00a0\u00a0\u00a0\u00a0\u00a0Teher\u00e1n espera activar a (Instex) a trav\u00e9s de la adhesi\u00f3n de nuevos pa\u00edses europeos.<\/p>\n<p style=\"text-align: justify;\">&#8211;\u00a0\u00a0\u00a0\u00a0\u00a0\u00a0Fadlallah: rechazamos la intervenci\u00f3n estadounidense y extranjera en el L\u00edbano.<\/p>\n<p style=\"text-align: justify;\">&#8211;\u00a0\u00a0\u00a0\u00a0\u00a0\u00a0Salehi: Ir\u00e1n continuar\u00e1 enriqueciendo el uranio con la reanudaci\u00f3n del embargo de Estados Unidos.<\/p>\n<p style=\"text-align: justify;\">&#8211;\u00a0\u00a0\u00a0\u00a0\u00a0\u00a0Primer Ministro de Irak presenta la dimisi\u00f3n de su gobierno.<\/p>\n<p style=\"text-align: justify;\">&#8211;\u00a0\u00a0\u00a0\u00a0\u00a0\u00a0Venezuela moviliza al ej\u00e9rcito para enfrentar posibles provocaciones estadounidenses.<\/p>\n<p style=\"text-align: justify;\">&#8211;\u00a0\u00a0\u00a0\u00a0\u00a0\u00a0Desarticulan una c\u00e9lula terrorista en la provincia iraqu\u00ed de Anbar, la cual se gestionaba desde el exterior.<\/p>\n<p style=\"text-align: justify;\">&#8211;\u00a0\u00a0\u00a0\u00a0\u00a0\u00a0Aviones de combate israel\u00edes lanzan una nueva agresi\u00f3n contra la Franja de Gaza.<\/p>\n<p style=\"text-align: justify;\">&#8211;\u00a0\u00a0\u00a0\u00a0\u00a0\u00a0Las protestas contin\u00faan en algunas localidades del L\u00edbano.<\/p>\n<p style=\"text-align: justify;\">&#8211;\u00a0\u00a0\u00a0\u00a0\u00a0\u00a0Diecis\u00e9is iraqu\u00edes resultan heridos en atentados terroristas en Kirkuk.<\/p>\n<\/div>\n<div class=\"yj6qo ajU\" style=\"text-align: justify;\"><strong><span style=\"color: #0000ff;\">F.M \/W.S<\/span><\/strong><\/div>\n","protected":false},"excerpt":{"rendered":"<p>Damasco, SANA Los principales diarios y medios de comunicaci\u00f3n sirios destacaron los siguientes titulares del \u00e1mbito nacional e internacional: &#8211;\u00a0\u00a0\u00a0\u00a0\u00a0\u00a0Contin\u00faan pugnas entre terroristas pro turcos, y mueren efectivos del ocupante turco en explosi\u00f3n en Ras al-Ain. &#8211;\u00a0\u00a0\u00a0\u00a0\u00a0\u00a0La Empresa Unida de Industria y Comercio vende productos por un valor de casi tres millones de USD y &hellip;<\/p>\n","protected":false},"author":35,"featured_media":122367,"comment_status":"closed","ping_status":"closed","sticky":false,"template":"","format":"standard","meta":{"footnotes":""},"categories":[447,597,7541],"tags":[15750],"class_list":["post-122364","post","type-post","status-publish","format-standard","has-post-thumbnail","","category-local-politica","category-cinta-de-noticias","category-ultimas-noticias","tag-titulares-nacionales-e-internacionales-de-la-prensa-nacional"],"_links":{"self":[{"href":"https:\/\/archive.sana.sy\/es\/index.php?rest_route=\/wp\/v2\/posts\/122364"}],"collection":[{"href":"https:\/\/archive.sana.sy\/es\/index.php?rest_route=\/wp\/v2\/posts"}],"about":[{"href":"https:\/\/archive.sana.sy\/es\/index.php?rest_route=\/wp\/v2\/types\/post"}],"author":[{"embeddable":true,"href":"https:\/\/archive.sana.sy\/es\/index.php?rest_route=\/wp\/v2\/users\/35"}],"replies":[{"embeddable":true,"href":"https:\/\/archive.sana.sy\/es\/index.php?rest_route=%2Fwp%2Fv2%2Fcomments&post=122364"}],"version-history":[{"count":0,"href":"https:\/\/archive.sana.sy\/es\/index.php?rest_route=\/wp\/v2\/posts\/122364\/revisions"}],"wp:featuredmedia":[{"embeddable":true,"href":"https:\/\/archive.sana.sy\/es\/index.php?rest_route=\/wp\/v2\/media\/122367"}],"wp:attachment":[{"href":"https:\/\/archive.sana.sy\/es\/index.php?rest_route=%2Fwp%2Fv2%2Fmedia&parent=122364"}],"wp:term":[{"taxonomy":"category","embeddable":true,"href":"https:\/\/archive.sana.sy\/es\/index.php?rest_route=%2Fwp%2Fv2%2Fcategories&post=122364"},{"taxonomy":"post_tag","embeddable":true,"href":"https:\/\/archive.sana.sy\/es\/index.php?rest_route=%2Fwp%2Fv2%2Ftags&post=122364"}],"curies":[{"name":"wp","href":"https:\/\/api.w.org\/{rel}","templated":true}]}}