{"id":122374,"date":"2019-12-01T10:54:50","date_gmt":"2019-12-01T08:54:50","guid":{"rendered":"http:\/\/sana.sy\/es\/?p=122374"},"modified":"2019-12-01T10:54:50","modified_gmt":"2019-12-01T08:54:50","slug":"ministerio-de-exteriores-y-expatriados-la-declaracion-emitida-por-el-departamento-de-estado-de-ee-uu-sobre-las-sesiones-del-comite-de-discusion-de-la-constitucion-celebradas-en-ginebra-confirma-una-v","status":"publish","type":"post","link":"https:\/\/archive.sana.sy\/es\/?p=122374","title":{"rendered":"Ministerio de Exteriores y Expatriados: la Declaraci\u00f3n emitida por el Departamento de Estado de EE.UU sobre las sesiones del Comit\u00e9 de Discusi\u00f3n de la Constituci\u00f3n celebradas en Ginebra confirma una vez m\u00e1s y de forma categ\u00f3rica los intentos injerencistas de Washington en los asuntos de los estados y la imposici\u00f3n de sus propias agendas."},"content":{"rendered":"","protected":false},"excerpt":{"rendered":"","protected":false},"author":35,"featured_media":0,"comment_status":"closed","ping_status":"closed","sticky":false,"template":"","format":"standard","meta":{"footnotes":""},"categories":[596],"tags":[],"class_list":["post-122374","post","type-post","status-publish","format-standard","","category-urgente"],"_links":{"self":[{"href":"https:\/\/archive.sana.sy\/es\/index.php?rest_route=\/wp\/v2\/posts\/122374"}],"collection":[{"href":"https:\/\/archive.sana.sy\/es\/index.php?rest_route=\/wp\/v2\/posts"}],"about":[{"href":"https:\/\/archive.sana.sy\/es\/index.php?rest_route=\/wp\/v2\/types\/post"}],"author":[{"embeddable":true,"href":"https:\/\/archive.sana.sy\/es\/index.php?rest_route=\/wp\/v2\/users\/35"}],"replies":[{"embeddable":true,"href":"https:\/\/archive.sana.sy\/es\/index.php?rest_route=%2Fwp%2Fv2%2Fcomments&post=122374"}],"version-history":[{"count":0,"href":"https:\/\/archive.sana.sy\/es\/index.php?rest_route=\/wp\/v2\/posts\/122374\/revisions"}],"wp:attachment":[{"href":"https:\/\/archive.sana.sy\/es\/index.php?rest_route=%2Fwp%2Fv2%2Fmedia&parent=122374"}],"wp:term":[{"taxonomy":"category","embeddable":true,"href":"https:\/\/archive.sana.sy\/es\/index.php?rest_route=%2Fwp%2Fv2%2Fcategories&post=122374"},{"taxonomy":"post_tag","embeddable":true,"href":"https:\/\/archive.sana.sy\/es\/index.php?rest_route=%2Fwp%2Fv2%2Ftags&post=122374"}],"curies":[{"name":"wp","href":"https:\/\/api.w.org\/{rel}","templated":true}]}}