{"id":122379,"date":"2019-12-02T06:51:03","date_gmt":"2019-12-02T04:51:03","guid":{"rendered":"http:\/\/sana.sy\/es\/?p=122379"},"modified":"2019-12-02T06:51:01","modified_gmt":"2019-12-02T04:51:01","slug":"damasco-califica-de-injerencista-la-declaracion-de-washington-sobre-reuniones-del-comite-de-debate-de-la-constitucion","status":"publish","type":"post","link":"https:\/\/archive.sana.sy\/es\/?p=122379","title":{"rendered":"Damasco califica de injerencista la declaraci\u00f3n de Washington sobre reuniones del Comit\u00e9 de Debate de la Constituci\u00f3n"},"content":{"rendered":"<p style=\"text-align: justify;\"><span lang=\"ES-TRAD\" style=\"color: #800000;\">Damasco, SANA<\/span><\/p>\n<p style=\"text-align: justify;\"><span lang=\"ES-TRAD\">El ministerio sirio de Exteriores y Expatriados rechaz\u00f3 hoy la declaraci\u00f3n emitida por el Departamento de Estado de EE.UU sobre las recientes reuniones del Comit\u00e9 de Debate de la Constituci\u00f3n y la calific\u00f3 de injerencista.<\/span><\/p>\n<p style=\"text-align: justify;\"><span lang=\"ES-TRAD\">&#8220;La Declaraci\u00f3n emitida por el Departamento de Estado sobre las sesiones del Comit\u00e9 celebradas en Ginebra confirma una vez m\u00e1s y de forma categ\u00f3rica los intentos injerencistas de Washington en los asuntos de los estados y la imposici\u00f3n de sus propias agendas&#8221;, afirm\u00f3 una declaraci\u00f3n emitida hoy por la Canciller\u00eda.<\/span><\/p>\n<p style=\"text-align: justify;\"><span lang=\"ES-TRAD\">Agreg\u00f3 que el Gobierno de la Rep\u00fablica \u00c1rabe Siria confirma que este di\u00e1logo es sirio-sirio, y nadie tiene derecho bajo ning\u00fan pretexto a interferir o apoyar a una parte en el mismo.<\/span><\/p>\n<p style=\"text-align: justify;\"><span lang=\"ES-TRAD\">El texto de la nota aclar\u00f3 que el papel de las Naciones Unidas representado por su enviado especial, Geir Pedersen, se limita \u00fanicamente a facilitar las discusiones del Comit\u00e9 y gestionar sus asuntos.<\/span><\/p>\n<p style=\"text-align: justify;\"><span lang=\"ES-TRAD\">&#8220;Cualquier opini\u00f3n o declaraci\u00f3n emitida por Estados Unidos u otros pa\u00edses no tendr\u00e1 valor ninguno y no afectar\u00e1 el trabajo del Comit\u00e9 de Debate de la Constituci\u00f3n, ni la naturaleza, forma y contenido de sus di\u00e1logos&#8221;, concluy\u00f3 el Ministerio de Exteriores su declaraci\u00f3n.<\/span><\/p>\n<p style=\"text-align: justify;\"><span style=\"color: #0000ff;\">F.M \/ W.S<\/span><\/p>\n","protected":false},"excerpt":{"rendered":"<p>Damasco, SANA El ministerio sirio de Exteriores y Expatriados rechaz\u00f3 hoy la declaraci\u00f3n emitida por el Departamento de Estado de EE.UU sobre las recientes reuniones del Comit\u00e9 de Debate de la Constituci\u00f3n y la calific\u00f3 de injerencista. &#8220;La Declaraci\u00f3n emitida por el Departamento de Estado sobre las sesiones del Comit\u00e9 celebradas en Ginebra confirma una &hellip;<\/p>\n","protected":false},"author":35,"featured_media":122380,"comment_status":"closed","ping_status":"closed","sticky":false,"template":"","format":"standard","meta":{"footnotes":""},"categories":[597,476,7541],"tags":[],"class_list":["post-122379","post","type-post","status-publish","format-standard","has-post-thumbnail","","category-cinta-de-noticias","category-locales","category-ultimas-noticias"],"_links":{"self":[{"href":"https:\/\/archive.sana.sy\/es\/index.php?rest_route=\/wp\/v2\/posts\/122379"}],"collection":[{"href":"https:\/\/archive.sana.sy\/es\/index.php?rest_route=\/wp\/v2\/posts"}],"about":[{"href":"https:\/\/archive.sana.sy\/es\/index.php?rest_route=\/wp\/v2\/types\/post"}],"author":[{"embeddable":true,"href":"https:\/\/archive.sana.sy\/es\/index.php?rest_route=\/wp\/v2\/users\/35"}],"replies":[{"embeddable":true,"href":"https:\/\/archive.sana.sy\/es\/index.php?rest_route=%2Fwp%2Fv2%2Fcomments&post=122379"}],"version-history":[{"count":0,"href":"https:\/\/archive.sana.sy\/es\/index.php?rest_route=\/wp\/v2\/posts\/122379\/revisions"}],"wp:featuredmedia":[{"embeddable":true,"href":"https:\/\/archive.sana.sy\/es\/index.php?rest_route=\/wp\/v2\/media\/122380"}],"wp:attachment":[{"href":"https:\/\/archive.sana.sy\/es\/index.php?rest_route=%2Fwp%2Fv2%2Fmedia&parent=122379"}],"wp:term":[{"taxonomy":"category","embeddable":true,"href":"https:\/\/archive.sana.sy\/es\/index.php?rest_route=%2Fwp%2Fv2%2Fcategories&post=122379"},{"taxonomy":"post_tag","embeddable":true,"href":"https:\/\/archive.sana.sy\/es\/index.php?rest_route=%2Fwp%2Fv2%2Ftags&post=122379"}],"curies":[{"name":"wp","href":"https:\/\/api.w.org\/{rel}","templated":true}]}}