{"id":122480,"date":"2019-12-02T07:05:14","date_gmt":"2019-12-02T05:05:14","guid":{"rendered":"http:\/\/sana.sy\/es\/?p=122480"},"modified":"2023-01-10T14:35:14","modified_gmt":"2023-01-10T12:35:14","slug":"terroristas-pro-turcos-arrasan-las-casas-de-los-civiles-y-un-nuevo-convoy-de-ee-uu-ingresa-en-territorio-sirio","status":"publish","type":"post","link":"https:\/\/archive.sana.sy\/es\/?p=122480","title":{"rendered":"Terroristas pro turcos arrasan las casas de los civiles, y un nuevo convoy de EE.UU ingresa en territorio sirio"},"content":{"rendered":"<p style=\"text-align: justify;\"><span style=\"color: #800000;\">Hasakeh, SANA<\/span><\/p>\n<p style=\"text-align: justify;\">Las fuerzas de ocupaci\u00f3n turcas y sus mercenarios terroristas contin\u00faan sus pr\u00e1cticas criminales y agresivas contra los civiles en las zonas ocupadas en el noroeste de la provincia de Hasakeh.<\/p>\n<p style=\"text-align: justify;\">Seg\u00fan report\u00f3 el corresponsal de SANA, los terroristas pro turcos allanaron varias casas y establecieron puntos en las carreteras al sur de la ciudad de Ras al-Ain, donde secuestraron a varios j\u00f3venes bajo diferentes pretextos y argumentos.<\/p>\n<p style=\"text-align: justify;\">Asimismo, los terroristas arrasaron con buld\u00f3ceres varias casas en la aldea de Dardara, al mismo tiempo en que un grupo de familias de los terroristas procedentes de Turqu\u00eda se instalaron en las casas de los civiles deportados en el barrio Mahata de la ciudad de Ras Al-Ain.<\/p>\n<p style=\"text-align: justify;\">Por otro lado, fuentes civiles informaron que tiroteos y \u00a0enfrentamientos entre las organizaciones terroristas debido a disputas sobre el reparto bienes robados.<\/p>\n<p style=\"text-align: justify;\">En otro contexto, helic\u00f3pteros de las fuerzas de ocupaci\u00f3n estadounidense sobrevolaron el trayecto de un convoy militar conformado por 20 veh\u00edculos militares, camiones con veh\u00edculos todo terreno, y camiones cisternas procedentes de Irak.<\/p>\n<p style=\"text-align: justify;\">El convoy entr\u00f3 a la provincia siria de Hasakeh y se dirigi\u00f3 hacia las bases ilegales de EE.UU cerca de los campos petroleros en la provincia de Deir Ezzor.<\/p>\n<p style=\"text-align: justify;\"><span style=\"color: #0000ff;\"><strong>F.M<\/strong><\/span><\/p>\n","protected":false},"excerpt":{"rendered":"<p>Hasakeh, SANA Las fuerzas de ocupaci\u00f3n turcas y sus mercenarios terroristas contin\u00faan sus pr\u00e1cticas criminales y agresivas contra los civiles en las zonas ocupadas en el noroeste de la provincia de Hasakeh. Seg\u00fan report\u00f3 el corresponsal de SANA, los terroristas pro turcos allanaron varias casas y establecieron puntos en las carreteras al sur de la &hellip;<\/p>\n","protected":false},"author":34,"featured_media":122291,"comment_status":"closed","ping_status":"closed","sticky":false,"template":"","format":"standard","meta":{"footnotes":""},"categories":[447,597,573,476,467,7541],"tags":[],"class_list":["post-122480","post","type-post","status-publish","format-standard","has-post-thumbnail","","category-local-politica","category-cinta-de-noticias","category-la-realidad-de-los-acontecimientos-en-siria","category-locales","category-siria-y-el-mundo","category-ultimas-noticias"],"_links":{"self":[{"href":"https:\/\/archive.sana.sy\/es\/index.php?rest_route=\/wp\/v2\/posts\/122480"}],"collection":[{"href":"https:\/\/archive.sana.sy\/es\/index.php?rest_route=\/wp\/v2\/posts"}],"about":[{"href":"https:\/\/archive.sana.sy\/es\/index.php?rest_route=\/wp\/v2\/types\/post"}],"author":[{"embeddable":true,"href":"https:\/\/archive.sana.sy\/es\/index.php?rest_route=\/wp\/v2\/users\/34"}],"replies":[{"embeddable":true,"href":"https:\/\/archive.sana.sy\/es\/index.php?rest_route=%2Fwp%2Fv2%2Fcomments&post=122480"}],"version-history":[{"count":0,"href":"https:\/\/archive.sana.sy\/es\/index.php?rest_route=\/wp\/v2\/posts\/122480\/revisions"}],"wp:featuredmedia":[{"embeddable":true,"href":"https:\/\/archive.sana.sy\/es\/index.php?rest_route=\/wp\/v2\/media\/122291"}],"wp:attachment":[{"href":"https:\/\/archive.sana.sy\/es\/index.php?rest_route=%2Fwp%2Fv2%2Fmedia&parent=122480"}],"wp:term":[{"taxonomy":"category","embeddable":true,"href":"https:\/\/archive.sana.sy\/es\/index.php?rest_route=%2Fwp%2Fv2%2Fcategories&post=122480"},{"taxonomy":"post_tag","embeddable":true,"href":"https:\/\/archive.sana.sy\/es\/index.php?rest_route=%2Fwp%2Fv2%2Ftags&post=122480"}],"curies":[{"name":"wp","href":"https:\/\/api.w.org\/{rel}","templated":true}]}}