{"id":122490,"date":"2019-12-02T11:33:59","date_gmt":"2019-12-02T09:33:59","guid":{"rendered":"http:\/\/sana.sy\/es\/?p=122490"},"modified":"2023-01-10T15:15:32","modified_gmt":"2023-01-10T13:15:32","slug":"destacados-esfuerzos-para-reforestar-zonas-verdes-afectadas-por-el-terrorismo-en-provincia-de-homs","status":"publish","type":"post","link":"https:\/\/archive.sana.sy\/es\/?p=122490","title":{"rendered":"Destacados esfuerzos para reforestar zonas verdes afectadas por el terrorismo en provincia de Homs"},"content":{"rendered":"<p style=\"text-align: justify;\"><span style=\"color: #800000;\">Homs, SANA<\/span><\/p>\n<p style=\"text-align: justify;\">La Direcci\u00f3n de Agricultura en la provincia central de Homs est\u00e1 implementando un plan quinquenal para reforestar a unas 600 hect\u00e1reas de forestales que fueron afectados por los actos terroristas y sabotaje en el poblado de Asila del municipio de Rastan al norte de Homs.<\/p>\n<p style=\"text-align: justify;\">Nazih al-Rifaee, jefe de la Direcci\u00f3n, declar\u00f3 a SANA que unos 15 kil\u00f3metros cuadrados fueron sembrados con \u00e1rboles forestales en el monte Jabal Al-Ghan del poblado de Asilah.<\/p>\n<p style=\"text-align: justify;\">&#8220;El trabajo se lleva a cabo con la participaci\u00f3n de actores locales, y en cumplimiento del plan del Ministerio de Agricultura de reforestar las zonas da\u00f1adas por el terrorismo&#8221;, precis\u00f3.<\/p>\n<p style=\"text-align: justify;\">Seg\u00fan al-Rifaee fueron sembrados 100 plantas de cipreses y 500 de almendros en mencionado monte con miras de plantar otros tipos en los pr\u00f3ximos d\u00edas.<\/p>\n<p style=\"text-align: justify;\">Revel\u00f3 que la superficie de bosques naturales en Homs supera las 18 mil hect\u00e1reas que se le agregan unas 36 mil hect\u00e1reas de forestales sembrados, de las cuales unas tres mil hect\u00e1reas fueron da\u00f1ados debido a la crisis siria.<\/p>\n<p style=\"text-align: justify;\">Por su parte, Wissam Mehideh, jefe del Departamento de Agricultura de Rastan, confirm\u00f3 que el terrorismo afect\u00f3 el 90 por ciento de las zonas verdes en el monte Asilah.<\/p>\n<p style=\"text-align: justify;\"><span style=\"color: #0000ff;\">R.R\/ F.M\/ E.D<\/span><\/p>\n<div id='gallery-1' class='gallery galleryid-122490 gallery-columns-1 gallery-size-full'><figure class='gallery-item'>\n\t\t\t<div class='gallery-icon landscape'>\n\t\t\t\t<a href='https:\/\/archive.sana.sy\/es\/wp-content\/uploads\/2019\/12\/DSC_8086-scaled-1.jpg'><img loading=\"lazy\" decoding=\"async\" width=\"2560\" height=\"1637\" src=\"https:\/\/archive.sana.sy\/es\/wp-content\/uploads\/2019\/12\/DSC_8086-scaled-1.jpg\" class=\"attachment-full size-full\" alt=\"\" srcset=\"https:\/\/archive.sana.sy\/es\/wp-content\/uploads\/2019\/12\/DSC_8086-scaled-1.jpg 2560w, https:\/\/archive.sana.sy\/es\/wp-content\/uploads\/2019\/12\/DSC_8086-scaled-1-300x192.jpg 300w, https:\/\/archive.sana.sy\/es\/wp-content\/uploads\/2019\/12\/DSC_8086-scaled-1-1024x655.jpg 1024w, https:\/\/archive.sana.sy\/es\/wp-content\/uploads\/2019\/12\/DSC_8086-scaled-1-150x96.jpg 150w, https:\/\/archive.sana.sy\/es\/wp-content\/uploads\/2019\/12\/DSC_8086-scaled-1-768x491.jpg 768w, https:\/\/archive.sana.sy\/es\/wp-content\/uploads\/2019\/12\/DSC_8086-scaled-1-1536x982.jpg 1536w, https:\/\/archive.sana.sy\/es\/wp-content\/uploads\/2019\/12\/DSC_8086-scaled-1-2048x1310.jpg 2048w\" sizes=\"(max-width: 2560px) 100vw, 2560px\" \/><\/a>\n\t\t\t<\/div><\/figure><figure class='gallery-item'>\n\t\t\t<div class='gallery-icon portrait'>\n\t\t\t\t<a href='https:\/\/archive.sana.sy\/es\/wp-content\/uploads\/2019\/12\/DSC_8094-scaled-1.jpg'><img loading=\"lazy\" decoding=\"async\" width=\"1830\" height=\"2560\" src=\"https:\/\/archive.sana.sy\/es\/wp-content\/uploads\/2019\/12\/DSC_8094-scaled-1.jpg\" class=\"attachment-full size-full\" alt=\"\" srcset=\"https:\/\/archive.sana.sy\/es\/wp-content\/uploads\/2019\/12\/DSC_8094-scaled-1.jpg 1830w, https:\/\/archive.sana.sy\/es\/wp-content\/uploads\/2019\/12\/DSC_8094-scaled-1-214x300.jpg 214w, https:\/\/archive.sana.sy\/es\/wp-content\/uploads\/2019\/12\/DSC_8094-scaled-1-732x1024.jpg 732w, https:\/\/archive.sana.sy\/es\/wp-content\/uploads\/2019\/12\/DSC_8094-scaled-1-107x150.jpg 107w, https:\/\/archive.sana.sy\/es\/wp-content\/uploads\/2019\/12\/DSC_8094-scaled-1-768x1074.jpg 768w, https:\/\/archive.sana.sy\/es\/wp-content\/uploads\/2019\/12\/DSC_8094-scaled-1-1098x1536.jpg 1098w, https:\/\/archive.sana.sy\/es\/wp-content\/uploads\/2019\/12\/DSC_8094-scaled-1-1464x2048.jpg 1464w\" sizes=\"(max-width: 1830px) 100vw, 1830px\" \/><\/a>\n\t\t\t<\/div><\/figure><figure class='gallery-item'>\n\t\t\t<div class='gallery-icon landscape'>\n\t\t\t\t<a href='https:\/\/archive.sana.sy\/es\/wp-content\/uploads\/2019\/12\/5-240-660x330.jpg'><img loading=\"lazy\" decoding=\"async\" width=\"660\" height=\"330\" src=\"https:\/\/archive.sana.sy\/es\/wp-content\/uploads\/2019\/12\/5-240-660x330.jpg\" class=\"attachment-full size-full\" alt=\"\" srcset=\"https:\/\/archive.sana.sy\/es\/wp-content\/uploads\/2019\/12\/5-240-660x330.jpg 660w, https:\/\/archive.sana.sy\/es\/wp-content\/uploads\/2019\/12\/5-240-660x330-300x150.jpg 300w, https:\/\/archive.sana.sy\/es\/wp-content\/uploads\/2019\/12\/5-240-660x330-150x75.jpg 150w\" sizes=\"(max-width: 660px) 100vw, 660px\" \/><\/a>\n\t\t\t<\/div><\/figure>\n\t\t<\/div>\n\n","protected":false},"excerpt":{"rendered":"<p>Homs, SANA La Direcci\u00f3n de Agricultura en la provincia central de Homs est\u00e1 implementando un plan quinquenal para reforestar a unas 600 hect\u00e1reas de forestales que fueron afectados por los actos terroristas y sabotaje en el poblado de Asila del municipio de Rastan al norte de Homs. Nazih al-Rifaee, jefe de la Direcci\u00f3n, declar\u00f3 a &hellip;<\/p>\n","protected":false},"author":32,"featured_media":122492,"comment_status":"closed","ping_status":"closed","sticky":false,"template":"","format":"standard","meta":{"footnotes":""},"categories":[447,597,16686,485,476,7541],"tags":[17084],"class_list":["post-122490","post","type-post","status-publish","format-standard","has-post-thumbnail","","category-local-politica","category-cinta-de-noticias","category-economia","category-informes-negocios-y-finanzas","category-locales","category-ultimas-noticias","tag-destacados-esfuerzos-para-reforestar-zonas-verdes-afectadas-por-el-terrorismo-en-provincia-de-homs"],"_links":{"self":[{"href":"https:\/\/archive.sana.sy\/es\/index.php?rest_route=\/wp\/v2\/posts\/122490"}],"collection":[{"href":"https:\/\/archive.sana.sy\/es\/index.php?rest_route=\/wp\/v2\/posts"}],"about":[{"href":"https:\/\/archive.sana.sy\/es\/index.php?rest_route=\/wp\/v2\/types\/post"}],"author":[{"embeddable":true,"href":"https:\/\/archive.sana.sy\/es\/index.php?rest_route=\/wp\/v2\/users\/32"}],"replies":[{"embeddable":true,"href":"https:\/\/archive.sana.sy\/es\/index.php?rest_route=%2Fwp%2Fv2%2Fcomments&post=122490"}],"version-history":[{"count":0,"href":"https:\/\/archive.sana.sy\/es\/index.php?rest_route=\/wp\/v2\/posts\/122490\/revisions"}],"wp:featuredmedia":[{"embeddable":true,"href":"https:\/\/archive.sana.sy\/es\/index.php?rest_route=\/wp\/v2\/media\/122492"}],"wp:attachment":[{"href":"https:\/\/archive.sana.sy\/es\/index.php?rest_route=%2Fwp%2Fv2%2Fmedia&parent=122490"}],"wp:term":[{"taxonomy":"category","embeddable":true,"href":"https:\/\/archive.sana.sy\/es\/index.php?rest_route=%2Fwp%2Fv2%2Fcategories&post=122490"},{"taxonomy":"post_tag","embeddable":true,"href":"https:\/\/archive.sana.sy\/es\/index.php?rest_route=%2Fwp%2Fv2%2Ftags&post=122490"}],"curies":[{"name":"wp","href":"https:\/\/api.w.org\/{rel}","templated":true}]}}