{"id":122497,"date":"2019-12-02T11:34:55","date_gmt":"2019-12-02T09:34:55","guid":{"rendered":"http:\/\/sana.sy\/es\/?p=122497"},"modified":"2023-01-10T15:15:32","modified_gmt":"2023-01-10T13:15:32","slug":"provincia-de-quneitra-multiplica-su-produccion-de-oliva","status":"publish","type":"post","link":"https:\/\/archive.sana.sy\/es\/?p=122497","title":{"rendered":"Provincia de Quneitra multiplica su producci\u00f3n de oliva"},"content":{"rendered":"<div style=\"text-align: justify;\">\n<p><span style=\"color: #800000;\">Quneitra, SANA<\/span><\/p>\n<p>La producci\u00f3n de oliva en la provincia de Quneitra se multiplic\u00f3 durante la actual temporada y asciende a aproximadamente ocho mil 190 toneladas, en comparaci\u00f3n con mil toneladas la temporada pasada.<\/p>\n<p>En su declaraci\u00f3n a SANA, Hosein Salan, director de Agricultura, atribuy\u00f3 este aumento al restablecimiento de la estabilidad en toda la provincia, por lo que los agricultores lograron acceder a sus tierras y recoger su cultivo.<\/p>\n<p>Detall\u00f3 que alrededor de 260 toneladas de aceite fueron extra\u00eddos de m\u00e1s de 1300 toneladas de olivas.<\/p>\n<p>La producci\u00f3n nacional de aceitunas este a\u00f1o se estima en unas 830 mil toneladas de las cuales se extraer\u00e1 unas 130 mil toneladas de aceite de oliva.<\/p>\n<\/div>\n<div><span style=\"color: #0000ff;\">R.R\/F.M\/ E.D<\/span><\/div>\n<div><\/div>\n<div>\n<div id='gallery-1' class='gallery galleryid-122497 gallery-columns-1 gallery-size-full'><figure class='gallery-item'>\n\t\t\t<div class='gallery-icon landscape'>\n\t\t\t\t<a href='https:\/\/archive.sana.sy\/es\/wp-content\/uploads\/2019\/12\/6-220-1.jpg'><img loading=\"lazy\" decoding=\"async\" width=\"660\" height=\"383\" src=\"https:\/\/archive.sana.sy\/es\/wp-content\/uploads\/2019\/12\/6-220-1.jpg\" class=\"attachment-full size-full\" alt=\"\" srcset=\"https:\/\/archive.sana.sy\/es\/wp-content\/uploads\/2019\/12\/6-220-1.jpg 660w, https:\/\/archive.sana.sy\/es\/wp-content\/uploads\/2019\/12\/6-220-1-300x174.jpg 300w, https:\/\/archive.sana.sy\/es\/wp-content\/uploads\/2019\/12\/6-220-1-150x87.jpg 150w\" sizes=\"(max-width: 660px) 100vw, 660px\" \/><\/a>\n\t\t\t<\/div><\/figure><figure class='gallery-item'>\n\t\t\t<div class='gallery-icon landscape'>\n\t\t\t\t<a href='https:\/\/archive.sana.sy\/es\/wp-content\/uploads\/2019\/12\/7-186-2.jpg'><img loading=\"lazy\" decoding=\"async\" width=\"660\" height=\"401\" src=\"https:\/\/archive.sana.sy\/es\/wp-content\/uploads\/2019\/12\/7-186-2.jpg\" class=\"attachment-full size-full\" alt=\"\" srcset=\"https:\/\/archive.sana.sy\/es\/wp-content\/uploads\/2019\/12\/7-186-2.jpg 660w, https:\/\/archive.sana.sy\/es\/wp-content\/uploads\/2019\/12\/7-186-2-300x182.jpg 300w, https:\/\/archive.sana.sy\/es\/wp-content\/uploads\/2019\/12\/7-186-2-150x91.jpg 150w\" sizes=\"(max-width: 660px) 100vw, 660px\" \/><\/a>\n\t\t\t<\/div><\/figure><figure class='gallery-item'>\n\t\t\t<div class='gallery-icon landscape'>\n\t\t\t\t<a href='https:\/\/archive.sana.sy\/es\/wp-content\/uploads\/2019\/12\/8-170-2.jpg'><img loading=\"lazy\" decoding=\"async\" width=\"660\" height=\"371\" src=\"https:\/\/archive.sana.sy\/es\/wp-content\/uploads\/2019\/12\/8-170-2.jpg\" class=\"attachment-full size-full\" alt=\"\" srcset=\"https:\/\/archive.sana.sy\/es\/wp-content\/uploads\/2019\/12\/8-170-2.jpg 660w, https:\/\/archive.sana.sy\/es\/wp-content\/uploads\/2019\/12\/8-170-2-300x169.jpg 300w, https:\/\/archive.sana.sy\/es\/wp-content\/uploads\/2019\/12\/8-170-2-150x84.jpg 150w\" sizes=\"(max-width: 660px) 100vw, 660px\" \/><\/a>\n\t\t\t<\/div><\/figure>\n\t\t<\/div>\n\n<\/div>\n<div><\/div>\n","protected":false},"excerpt":{"rendered":"<p>Quneitra, SANA La producci\u00f3n de oliva en la provincia de Quneitra se multiplic\u00f3 durante la actual temporada y asciende a aproximadamente ocho mil 190 toneladas, en comparaci\u00f3n con mil toneladas la temporada pasada. En su declaraci\u00f3n a SANA, Hosein Salan, director de Agricultura, atribuy\u00f3 este aumento al restablecimiento de la estabilidad en toda la provincia, &hellip;<\/p>\n","protected":false},"author":32,"featured_media":122498,"comment_status":"closed","ping_status":"closed","sticky":false,"template":"","format":"standard","meta":{"footnotes":""},"categories":[447,597,16686,485,476,7541],"tags":[17085],"class_list":["post-122497","post","type-post","status-publish","format-standard","has-post-thumbnail","","category-local-politica","category-cinta-de-noticias","category-economia","category-informes-negocios-y-finanzas","category-locales","category-ultimas-noticias","tag-provincia-de-quneitra-multiplica-su-produccion-de-oliva"],"_links":{"self":[{"href":"https:\/\/archive.sana.sy\/es\/index.php?rest_route=\/wp\/v2\/posts\/122497"}],"collection":[{"href":"https:\/\/archive.sana.sy\/es\/index.php?rest_route=\/wp\/v2\/posts"}],"about":[{"href":"https:\/\/archive.sana.sy\/es\/index.php?rest_route=\/wp\/v2\/types\/post"}],"author":[{"embeddable":true,"href":"https:\/\/archive.sana.sy\/es\/index.php?rest_route=\/wp\/v2\/users\/32"}],"replies":[{"embeddable":true,"href":"https:\/\/archive.sana.sy\/es\/index.php?rest_route=%2Fwp%2Fv2%2Fcomments&post=122497"}],"version-history":[{"count":0,"href":"https:\/\/archive.sana.sy\/es\/index.php?rest_route=\/wp\/v2\/posts\/122497\/revisions"}],"wp:featuredmedia":[{"embeddable":true,"href":"https:\/\/archive.sana.sy\/es\/index.php?rest_route=\/wp\/v2\/media\/122498"}],"wp:attachment":[{"href":"https:\/\/archive.sana.sy\/es\/index.php?rest_route=%2Fwp%2Fv2%2Fmedia&parent=122497"}],"wp:term":[{"taxonomy":"category","embeddable":true,"href":"https:\/\/archive.sana.sy\/es\/index.php?rest_route=%2Fwp%2Fv2%2Fcategories&post=122497"},{"taxonomy":"post_tag","embeddable":true,"href":"https:\/\/archive.sana.sy\/es\/index.php?rest_route=%2Fwp%2Fv2%2Ftags&post=122497"}],"curies":[{"name":"wp","href":"https:\/\/api.w.org\/{rel}","templated":true}]}}