{"id":122562,"date":"2019-12-02T21:18:58","date_gmt":"2019-12-02T19:18:58","guid":{"rendered":"http:\/\/sana.sy\/es\/?p=122562"},"modified":"2019-12-03T06:58:11","modified_gmt":"2019-12-03T04:58:11","slug":"rusia-rechaza-alegaciones-sobre-ataques-aereos-contra-campamento-de-desplazados-en-siria","status":"publish","type":"post","link":"https:\/\/archive.sana.sy\/es\/?p=122562","title":{"rendered":"Rusia rechaza alegaciones sobre ataques a\u00e9reos contra campamento de desplazados en Siria"},"content":{"rendered":"<p style=\"text-align: justify;\"><strong><span style=\"color: #800000;\">Mosc\u00fa, SANA<\/span><\/strong><\/p>\n<p style=\"text-align: justify;\">El Ministerio de Defensa de Rusia neg\u00f3 las alegaciones publicadas por el peri\u00f3dico \u201cThe New York Times\u201d, sobre supuestos ataques perpetrados por aviones rusos contra un campamento de desplazados en Siria.<\/p>\n<p style=\"text-align: justify;\">El portavoz del ministerio, Igor Konash\u00e9nkov, calific\u00f3 lo divulgado por el rotativo de acusaciones rid\u00edculas, primitivas e in\u00fatiles.<\/p>\n<p style=\"text-align: justify;\">\u201cLas acusaciones est\u00e1n basadas en un video proveniente de una fuente desconocida, donde muestra impostores de \u201cCascos Blancos\u201d, frente a edificios grandes del supuesto campamento de desplazados e im\u00e1genes de un cielo azul donde supuestamente vuela un avi\u00f3n ruso, adem\u00e1s de fragmentos de grabaciones atribuidas a pilotos de las fuerzas aeroespaciales rusas\u201d, denunci\u00f3.<\/p>\n<p style=\"text-align: justify;\">El vocero ruso record\u00f3 a aquellos que redactaron esta noticia falsa que los pilotos rusos no son informados a trav\u00e9s de la radiocomunicaci\u00f3n abierta sobre las coordinaciones de los objetivos ni presentan sus informes sobre la ejecuci\u00f3n de la misi\u00f3n.<\/p>\n<p style=\"text-align: justify;\"><span style=\"color: #0000ff;\"><strong>Y.K\/F.M<\/strong><\/span><\/p>\n","protected":false},"excerpt":{"rendered":"<p>Mosc\u00fa, SANA El Ministerio de Defensa de Rusia neg\u00f3 las alegaciones publicadas por el peri\u00f3dico \u201cThe New York Times\u201d, sobre supuestos ataques perpetrados por aviones rusos contra un campamento de desplazados en Siria. El portavoz del ministerio, Igor Konash\u00e9nkov, calific\u00f3 lo divulgado por el rotativo de acusaciones rid\u00edculas, primitivas e in\u00fatiles. \u201cLas acusaciones est\u00e1n basadas &hellip;<\/p>\n","protected":false},"author":1,"featured_media":122563,"comment_status":"closed","ping_status":"closed","sticky":false,"template":"","format":"standard","meta":{"footnotes":""},"categories":[597,456,7541],"tags":[],"class_list":["post-122562","post","type-post","status-publish","format-standard","has-post-thumbnail","","category-cinta-de-noticias","category-arabe-internacional-politica","category-ultimas-noticias"],"_links":{"self":[{"href":"https:\/\/archive.sana.sy\/es\/index.php?rest_route=\/wp\/v2\/posts\/122562"}],"collection":[{"href":"https:\/\/archive.sana.sy\/es\/index.php?rest_route=\/wp\/v2\/posts"}],"about":[{"href":"https:\/\/archive.sana.sy\/es\/index.php?rest_route=\/wp\/v2\/types\/post"}],"author":[{"embeddable":true,"href":"https:\/\/archive.sana.sy\/es\/index.php?rest_route=\/wp\/v2\/users\/1"}],"replies":[{"embeddable":true,"href":"https:\/\/archive.sana.sy\/es\/index.php?rest_route=%2Fwp%2Fv2%2Fcomments&post=122562"}],"version-history":[{"count":0,"href":"https:\/\/archive.sana.sy\/es\/index.php?rest_route=\/wp\/v2\/posts\/122562\/revisions"}],"wp:featuredmedia":[{"embeddable":true,"href":"https:\/\/archive.sana.sy\/es\/index.php?rest_route=\/wp\/v2\/media\/122563"}],"wp:attachment":[{"href":"https:\/\/archive.sana.sy\/es\/index.php?rest_route=%2Fwp%2Fv2%2Fmedia&parent=122562"}],"wp:term":[{"taxonomy":"category","embeddable":true,"href":"https:\/\/archive.sana.sy\/es\/index.php?rest_route=%2Fwp%2Fv2%2Fcategories&post=122562"},{"taxonomy":"post_tag","embeddable":true,"href":"https:\/\/archive.sana.sy\/es\/index.php?rest_route=%2Fwp%2Fv2%2Ftags&post=122562"}],"curies":[{"name":"wp","href":"https:\/\/api.w.org\/{rel}","templated":true}]}}