{"id":122849,"date":"2019-12-05T14:00:59","date_gmt":"2019-12-05T12:00:59","guid":{"rendered":"http:\/\/sana.sy\/es\/?p=122849"},"modified":"2019-12-05T14:00:59","modified_gmt":"2019-12-05T12:00:59","slug":"siria-e-iran-firman-memorando-de-entendimiento-en-el-campo-de-la-energia-hidroelectrica","status":"publish","type":"post","link":"https:\/\/archive.sana.sy\/es\/?p=122849","title":{"rendered":"Siria e Ir\u00e1n\u00a0\u00a0firman memorando de entendimiento en el campo de la energ\u00eda hidroel\u00e9ctrica"},"content":{"rendered":"<p style=\"text-align: justify;\"><span lang=\"ES-TRAD\" style=\"color: #800000;\">Teher\u00e1n, SANA<\/span><\/p>\n<p style=\"text-align: justify;\"><span lang=\"ES-TRAD\">Siria e Ir\u00e1n firman hoy en Teher\u00e1n, un memorando de entendimiento para la cooperaci\u00f3n en el campo de la energ\u00eda hidroel\u00e9ctrica.<\/span><\/p>\n<p style=\"text-align: justify;\"><span lang=\"ES-TRAD\">El memor\u00e1ndum fue firmado por el ministro de Recursos H\u00eddricos, Hussein Arnous, y el ministro de Energ\u00eda de Ir\u00e1n, Reza Ardakianian.<\/span><\/p>\n<p style=\"text-align: justify;\"><span lang=\"ES-TRAD\">La nota rubricada incluye la implementaci\u00f3n de proyectos conjuntos en el campo de la construcci\u00f3n de presas, pozos, bombas de agua y rehabilitaci\u00f3n del sistema de agua en Siria.<\/span><\/p>\n<p style=\"text-align: justify;\"><span lang=\"ES-TRAD\">Asimismo, incluye el intercambio de experiencias, estudios e investigaci\u00f3n cient\u00edfica en este \u00e1mbito y la cooperaci\u00f3n en el dise\u00f1o y construcci\u00f3n de plantas de tratamiento de agua.<\/span><\/p>\n<p style=\"text-align: justify;\"><span lang=\"ES-TRAD\">Por otro lado, el titular sirio debati\u00f3 con el Ministro de Energ\u00eda iran\u00ed y funcionarios y representantes del sector privado en Ir\u00e1n, la cooperaci\u00f3n en el campo de la energ\u00eda hidroel\u00e9ctrica y el establecimiento de proyectos conjuntos.<\/span><\/p>\n<p style=\"text-align: justify;\"><span style=\"color: #0000ff;\">E.D\/ F.M<\/span><\/p>\n","protected":false},"excerpt":{"rendered":"<p>Teher\u00e1n, SANA Siria e Ir\u00e1n firman hoy en Teher\u00e1n, un memorando de entendimiento para la cooperaci\u00f3n en el campo de la energ\u00eda hidroel\u00e9ctrica. El memor\u00e1ndum fue firmado por el ministro de Recursos H\u00eddricos, Hussein Arnous, y el ministro de Energ\u00eda de Ir\u00e1n, Reza Ardakianian. La nota rubricada incluye la implementaci\u00f3n de proyectos conjuntos en el &hellip;<\/p>\n","protected":false},"author":32,"featured_media":122850,"comment_status":"closed","ping_status":"closed","sticky":false,"template":"","format":"standard","meta":{"footnotes":""},"categories":[597,467,7541],"tags":[17115],"class_list":["post-122849","post","type-post","status-publish","format-standard","has-post-thumbnail","","category-cinta-de-noticias","category-siria-y-el-mundo","category-ultimas-noticias","tag-siria-e-iran-firman-memorando-de-entendimiento-en-el-campo-de-la-energia-hidroelectrica"],"_links":{"self":[{"href":"https:\/\/archive.sana.sy\/es\/index.php?rest_route=\/wp\/v2\/posts\/122849"}],"collection":[{"href":"https:\/\/archive.sana.sy\/es\/index.php?rest_route=\/wp\/v2\/posts"}],"about":[{"href":"https:\/\/archive.sana.sy\/es\/index.php?rest_route=\/wp\/v2\/types\/post"}],"author":[{"embeddable":true,"href":"https:\/\/archive.sana.sy\/es\/index.php?rest_route=\/wp\/v2\/users\/32"}],"replies":[{"embeddable":true,"href":"https:\/\/archive.sana.sy\/es\/index.php?rest_route=%2Fwp%2Fv2%2Fcomments&post=122849"}],"version-history":[{"count":0,"href":"https:\/\/archive.sana.sy\/es\/index.php?rest_route=\/wp\/v2\/posts\/122849\/revisions"}],"wp:featuredmedia":[{"embeddable":true,"href":"https:\/\/archive.sana.sy\/es\/index.php?rest_route=\/wp\/v2\/media\/122850"}],"wp:attachment":[{"href":"https:\/\/archive.sana.sy\/es\/index.php?rest_route=%2Fwp%2Fv2%2Fmedia&parent=122849"}],"wp:term":[{"taxonomy":"category","embeddable":true,"href":"https:\/\/archive.sana.sy\/es\/index.php?rest_route=%2Fwp%2Fv2%2Fcategories&post=122849"},{"taxonomy":"post_tag","embeddable":true,"href":"https:\/\/archive.sana.sy\/es\/index.php?rest_route=%2Fwp%2Fv2%2Ftags&post=122849"}],"curies":[{"name":"wp","href":"https:\/\/api.w.org\/{rel}","templated":true}]}}