{"id":122854,"date":"2019-12-05T15:24:43","date_gmt":"2019-12-05T13:24:43","guid":{"rendered":"http:\/\/sana.sy\/es\/?p=122854"},"modified":"2019-12-05T15:24:43","modified_gmt":"2019-12-05T13:24:43","slug":"dos-explosiones-sacudieron-hoy-la-ciudad-de-ras-al-ain-en-la-provincia-de-hasakeh-que-esta-bajo-ocupacion-del-ejercito-turco-y-sus-milicias-mercenarias","status":"publish","type":"post","link":"https:\/\/archive.sana.sy\/es\/?p=122854","title":{"rendered":"Dos explosiones sacudieron hoy la ciudad de Ras al-Ain en la provincia de Hasakeh, que est\u00e1 bajo ocupaci\u00f3n del ej\u00e9rcito turco y sus milicias mercenarias"},"content":{"rendered":"","protected":false},"excerpt":{"rendered":"","protected":false},"author":34,"featured_media":0,"comment_status":"closed","ping_status":"closed","sticky":false,"template":"","format":"standard","meta":{"footnotes":""},"categories":[596],"tags":[],"class_list":["post-122854","post","type-post","status-publish","format-standard","","category-urgente"],"_links":{"self":[{"href":"https:\/\/archive.sana.sy\/es\/index.php?rest_route=\/wp\/v2\/posts\/122854"}],"collection":[{"href":"https:\/\/archive.sana.sy\/es\/index.php?rest_route=\/wp\/v2\/posts"}],"about":[{"href":"https:\/\/archive.sana.sy\/es\/index.php?rest_route=\/wp\/v2\/types\/post"}],"author":[{"embeddable":true,"href":"https:\/\/archive.sana.sy\/es\/index.php?rest_route=\/wp\/v2\/users\/34"}],"replies":[{"embeddable":true,"href":"https:\/\/archive.sana.sy\/es\/index.php?rest_route=%2Fwp%2Fv2%2Fcomments&post=122854"}],"version-history":[{"count":0,"href":"https:\/\/archive.sana.sy\/es\/index.php?rest_route=\/wp\/v2\/posts\/122854\/revisions"}],"wp:attachment":[{"href":"https:\/\/archive.sana.sy\/es\/index.php?rest_route=%2Fwp%2Fv2%2Fmedia&parent=122854"}],"wp:term":[{"taxonomy":"category","embeddable":true,"href":"https:\/\/archive.sana.sy\/es\/index.php?rest_route=%2Fwp%2Fv2%2Fcategories&post=122854"},{"taxonomy":"post_tag","embeddable":true,"href":"https:\/\/archive.sana.sy\/es\/index.php?rest_route=%2Fwp%2Fv2%2Ftags&post=122854"}],"curies":[{"name":"wp","href":"https:\/\/api.w.org\/{rel}","templated":true}]}}