{"id":122876,"date":"2019-12-06T08:30:17","date_gmt":"2019-12-06T06:30:17","guid":{"rendered":"http:\/\/sana.sy\/es\/?p=122876"},"modified":"2023-01-10T15:34:50","modified_gmt":"2023-01-10T13:34:50","slug":"resumen-del-acontecer-sirio-en-las-ultimas-24-horas-6","status":"publish","type":"post","link":"https:\/\/archive.sana.sy\/es\/?p=122876","title":{"rendered":"Resumen del acontecer sirio en las \u00faltimas 24 horas"},"content":{"rendered":"<p style=\"text-align: justify;\"><strong><span style=\"color: #800000;\">Damasco, SANA<\/span><\/strong><\/p>\n<p style=\"text-align: justify;\">Les ofrecemos a continuaci\u00f3n un resumen de las noticias nacionales e internacionales relativas a Siria y difundidas por nuestra agencia en las \u00faltimas 24 horas:<\/p>\n<p style=\"text-align: justify;\"><span style=\"color: #0000ff;\"><strong>Ej\u00e9rcito abate a terroristas que atacaron puntos militares en el sudeste de Idleb<\/strong><\/span><\/p>\n<p style=\"text-align: justify;\">Contingentes del ej\u00e9rcito \u00e1rabe sirio abatieron a grupos terroristas que intentaron infiltrarse y atacar los puntos militares en los poblados de Um Al-Teen y Establat, en la localidad de Sinjar al sudeste de la provincia de Idleb.<\/p>\n<p style=\"text-align: justify;\">Los militares sirios entraron en violentos choques con los terroristas que intentaron infiltrarse y llegar a las casas de los civiles en el poblado de Establat, inform\u00f3 el corresponsal de SANA.<\/p>\n<p style=\"text-align: justify;\">Agreg\u00f3 que los enfrentamientos terminaron con abatir a la mayor\u00eda de terroristas atacantes y destruir sus armas, mientras el resto se dio a la fuga.<\/p>\n<p style=\"text-align: justify;\">Por otro lado, el ej\u00e9rcito llev\u00f3 a cabo intenso bombardeo con artiller\u00eda y cohetes durante las \u00faltimas horas contra las rutas de abastecimiento y suministro de los terroristas en el poblado de Um Al-Teen y al-Katibah al-Mahyura, en el campo sur de Idleb.<\/p>\n<p style=\"text-align: justify;\">El bombardeo caus\u00f3 numerosas bajas y colosales p\u00e9rdidas en las filas de los radicales.<\/p>\n<p style=\"text-align: justify;\"><strong><span style=\"color: #0000ff;\">Siria mantendr\u00e1 su apoyo a la UNRWA, afirma vicecanciller<\/span><\/strong><\/p>\n<p style=\"text-align: justify;\">El Viceministro de Exteriores y Expatriados, Faisal Mekdad, recibi\u00f3 hoy en esta capital a Christian Saunders, el Comisionado General en funciones de la Agencia de Obras P\u00fablicas y Socorro de las Naciones Unidas para los Refugiados de Palestina en el Cercano Oriente (UNRWA).<\/p>\n<p style=\"text-align: justify;\">Mekdad expres\u00f3 su satisfacci\u00f3n respecto a la resoluci\u00f3n de la Asamblea General de las Naciones Unidas de renovar el mandato de la UNRWA por tres a\u00f1os por una abrumadora mayor\u00eda de los estados miembros de la ONU, mientras Estados Unidos e Israel votaron en contra de la resoluci\u00f3n.<\/p>\n<p style=\"text-align: justify;\">Destac\u00f3 que dicha resoluci\u00f3n contribuir\u00e1 a aliviar el sufrimiento de los refugiados palestinos, especialmente a ra\u00edz de las presiones ejercidas por Washington e \u201cIsrael\u201d en un intento de liquidar la causa palestina y los derechos inalienables del pueblo palestino, especialmente el derecho al retorno.<\/p>\n<p style=\"text-align: justify;\">El Vicecanciller ratific\u00f3 que \u201cSiria seguir\u00e1 brindando todo apoyo necesario a la UNRWA para garantizar la continuaci\u00f3n de una vida digna para los refugiados palestinos en Siria y mejorar la cooperaci\u00f3n entre las dos partes sobre la base de la confianza y la defensa de los derechos del pueblo palestino\u201d.<\/p>\n<p style=\"text-align: justify;\">Por su parte, Saunders expres\u00f3 su agradecimiento por las facilidades proporcionadas por el gobierno sirio para que la organizaci\u00f3n lleve a cabo sus tareas y actividades en apoyo de los refugiados palestinos y en la rehabilitaci\u00f3n de escuelas y centros de servicio en Siria, especialmente los destruidos por terroristas.<\/p>\n<p style=\"text-align: justify;\">Siria e Ir\u00e1n firman memorando de entendimiento en el campo de la energ\u00eda hidroel\u00e9ctrica<\/p>\n<p style=\"text-align: justify;\">Siria e Ir\u00e1n firman hoy en Teher\u00e1n, un memorando de entendimiento para la cooperaci\u00f3n en el campo de la energ\u00eda hidroel\u00e9ctrica.<\/p>\n<p style=\"text-align: justify;\">El memor\u00e1ndum fue firmado por el ministro de Recursos H\u00eddricos, Hussein Arnous, y el ministro de Energ\u00eda de Ir\u00e1n, Reza Ardakianian.<\/p>\n<p style=\"text-align: justify;\">La nota rubricada incluye la implementaci\u00f3n de proyectos conjuntos en el campo de la construcci\u00f3n de presas, pozos, bombas de agua y rehabilitaci\u00f3n del sistema de agua en Siria.<\/p>\n<p style=\"text-align: justify;\">Asimismo, incluye el intercambio de experiencias, estudios e investigaci\u00f3n cient\u00edfica en este \u00e1mbito y la cooperaci\u00f3n en el dise\u00f1o y construcci\u00f3n de plantas de tratamiento de agua.<\/p>\n<p style=\"text-align: justify;\">Por otro lado, el titular sirio debati\u00f3 con el Ministro de Energ\u00eda iran\u00ed y funcionarios y representantes del sector privado en Ir\u00e1n, la cooperaci\u00f3n en el campo de la energ\u00eda hidroel\u00e9ctrica y el establecimiento de proyectos conjuntos.<\/p>\n<p style=\"text-align: justify;\"><strong><span style=\"color: #0000ff;\">Ej\u00e9rcito abate a terroristas que atacaron puntos militares en el sudeste de Idleb<\/span><\/strong><\/p>\n<p style=\"text-align: justify;\">Contingentes del ej\u00e9rcito \u00e1rabe sirio abatieron a grupos terroristas que intentaron infiltrarse y atacar los puntos militares en los poblados de Um Al-Teen y Establat, en la localidad de Sinjar al sudeste de la provincia de Idleb.<\/p>\n<p style=\"text-align: justify;\">Los militares sirios entraron en violentos choques con los terroristas que intentaron infiltrarse y llegar a las casas de los civiles en el poblado de Establat, inform\u00f3 el corresponsal de SANA.<\/p>\n<p style=\"text-align: justify;\">Agreg\u00f3 que los enfrentamientos terminaron con abatir a la mayor\u00eda de terroristas atacantes y destruir sus armas, mientras el resto se dio a la fuga.<\/p>\n<p style=\"text-align: justify;\">Por otro lado, el ej\u00e9rcito llev\u00f3 acabo intenso bombardeo con artiller\u00eda y cohetes durante las \u00faltimas horas contra las rutas de abastecimiento y suministro de los terroristas en el poblado de Um Al-Teen y al-Katibah al-Mahyura, en el campo sur de Idleb.<\/p>\n<p style=\"text-align: justify;\">El bombardeo caus\u00f3 numerosas bajas y colosales p\u00e9rdidas en las filas de los radicales.<\/p>\n<p style=\"text-align: justify;\"><span style=\"color: #0000ff;\"><strong>Fuerzas de ocupaci\u00f3n estadounidenses trasladan a 600 familias de terroristas del Daesh del campamento al-Houl hacia Irak<\/strong><\/span><\/p>\n<p style=\"text-align: justify;\">Las fuerzas de ocupaci\u00f3n estadounidenses trasladaron del campamento al-Houl en la provincia de Hasakeh hacia Irak, a cientos de familias de los terroristas de la organizaci\u00f3n terrorista \u201cDaesh\u201d.<\/p>\n<p style=\"text-align: justify;\">El corresponsal de SANA report\u00f3 que las tropas ocupantes trasladaron en las recientes horas a m\u00e1s de 600 ni\u00f1os y mujeres de las familias Daeshitas.<\/p>\n<p style=\"text-align: justify;\">Por otro lado, el corresponsal report\u00f3 la entrada de seis veh\u00edculos militares y unos 30 soldados de las fuerzas de ocupaci\u00f3n estadounidenses desde Irak a la provincia de Hasakeh, donde se instalaron en el aeropuerto ilegal de Kharab Geer.<\/p>\n<p style=\"text-align: justify;\">En un contexto relacionado, un convoy de veh\u00edculos militares de las fuerzas de ocupaci\u00f3n turcas entr\u00f3 a la localidad de Abu Raseen, procedentes de la ciudad de Ras Al-Ain.<\/p>\n<p style=\"text-align: justify;\">El convoy, seg\u00fan el corresponsal, incluye tres tanques, cinco jeeps militares, cuatro camiones de transporte de soldados y cuatro veh\u00edculos blindados.<\/p>\n<p style=\"text-align: justify;\">Seg\u00fan fuentes locales, las fuerzas de ocupaci\u00f3n turcas y sus mercenarios de organizaciones terroristas han convertido muchas escuelas, instituciones p\u00fablicas y centros culturales en cuarteles militares.<\/p>\n<p style=\"text-align: justify;\">Asimismo, contin\u00faan sus pr\u00e1cticas destinadas a lograr un cambio demogr\u00e1fico en la regi\u00f3n al deportar por la fuerza a su gente y reemplazarlos por terroristas y sus familias.<\/p>\n<p style=\"text-align: justify;\"><strong><span style=\"color: #0000ff;\">Dos muertos y seis heridos en doble atentado con coches bomba en ciudad de Ras al-Ain<\/span><\/strong><\/p>\n<p style=\"text-align: justify;\">Dos explosiones sacudieron hoy la ciudad de Ras al-Ain en provincia de Hasakeh.<\/p>\n<p style=\"text-align: justify;\">El corresponsal de SANA inform\u00f3 que dos civiles cayeron m\u00e1rtires y otros seis resultaron heridos, algunos de gravedad, debido a los dos atentados que se produjeron en la rotonda al-Alaf, en Ras al-Ain que est\u00e1 bajo ocupaci\u00f3n del ej\u00e9rcito turco y sus milicias mercenarias.<\/p>\n<p style=\"text-align: justify;\">Un estado de inseguridad prevalece en la ciudad al mismo tiempo en que incrementan los robos y los saqueos de bienes llevados a cabo por terroristas, adem\u00e1s de la destrucci\u00f3n de casas de los residentes.<\/p>\n<p style=\"text-align: justify;\">En la v\u00edspera, varios civiles murieron y otros resultaron heridos por la explosi\u00f3n de un coche bomba en la misma ciudad.<\/p>\n<p style=\"text-align: justify;\">El 26 del mes pasado, varios civiles murieron cuando un coche bomba explot\u00f3 en la aldea de Tal Halaf, al oeste de Ras al-Ain.<\/p>\n<p style=\"text-align: justify;\"><strong><span style=\"color: #0000ff;\">La espantosa pol\u00edtica estadounidense del Cowboy<\/span><\/strong><\/p>\n<p style=\"text-align: justify;\">Persiste Estados Unidos en imponer su supremac\u00eda en el mundo por ser la primera superpotencia, pero se niega a abandonar la &#8220;mentalidad del Cowboy&#8221; en su tratamiento con las naciones del mundo y al Derecho Internacional, e insiste a liderar el mundo desatando guerra militar y econ\u00f3micas en lugar del di\u00e1logo y la compartici\u00f3n.<\/p>\n<p style=\"text-align: justify;\">Hemos perdida la cuenta de las guerras desatadas por Washington desde la Segunda Guerra Mundial hasta ahora o de aquellas guerras que estallaron por una provocaci\u00f3n de EE.UU violando el Derecho Internacional?<\/p>\n<p style=\"text-align: justify;\">Creo que no son muchos aquellos que puedan enumerar esas guerras aunque buena parte de ellas sucedieron en nuestra regi\u00f3n \u00e1rabe. Raramente, pasa un a\u00f1o sin una guerra directa o proxy de Washington en una parte del mundo o tal vez dos guerras simult\u00e1neamente, una en el este y otra en el oeste de nuestro Globo.<\/p>\n<p style=\"text-align: justify;\">Y la pregunta que siempre planteamos: \u00bfQu\u00e9 es lo que impulsa a una superpotencia como EE.UU a recurrir a la fuerza en su comportamiento internacional? \u00bfser\u00eda solo la prepotencia y arrogancia o es la &#8220;pol\u00edtica del Estado profundo&#8221; que la Casa Blanca no puede deshacerse de ella?<\/p>\n<p style=\"text-align: justify;\">No hay duda de que es una tendencia meramente estadounidense que ve una necesidad la continuaci\u00f3n de la guerras para mantener la hegemon\u00eda debilitando a los dem\u00e1s y mantener su vulnerabilidad ante el poder\u00edo militar estadounidense.<\/p>\n<p style=\"text-align: justify;\">Las guerras econ\u00f3micas libradas por Washington no fueron menos feroces que las guerras militares, y mencionamos aqu\u00ed su guerra comercial con China y Europa, y su bloqueo y sanciones econ\u00f3micas contra pa\u00edses como Siria, Ir\u00e1n, Rusia, Venezuela y otros. Es una guerra sucia con la que Washington completa su guerra militar para fragmentar a los pueblos y destruir las infraestructuras.<\/p>\n<p style=\"text-align: justify;\">Pero, \u00bfMirar\u00eda Estados Unidos a s\u00ed mismo como lo miran los dem\u00e1s?, Washington no aceptar\u00eda la respuesta a esta pregunta a pesar de su reconocimiento impl\u00edcito a la misma, pues la decisi\u00f3n de nombrar a Karen Hughes como asistente del Secretario de Estado en 2005 es la que mejor\u00f3 la imagen de Estados Unidos en el mundo, y esto constituye una respuesta segura a esta pregunta.<\/p>\n<p style=\"text-align: justify;\">\u201cNo se puede embellecer a un cerdo con pinaalabios&#8221;, as\u00ed coment\u00f3 un ex diplom\u00e1tico de la administraci\u00f3n estadounidense sobre el intento de Washington de mejorar su imagen en el mundo. Tal vez es la frase m\u00e1s elocuente que describe c\u00f3mo mira el mundo a Estados Unidos, y por ello, no sirvieron para nada ,las vueltas de Hughes por el mundo y el hecho que bailara y cantara con los pueblos, pues su voz no pudo abrumar el sonido de bombas y cohetes que ca\u00edan sobre los hogares de la gente en muchos pa\u00edses del mundo.<\/p>\n<p style=\"text-align: justify;\">Estados Unidos no puede mantener su supremac\u00eda con la mentalidad del &#8220;Cowboy&#8221;, y el surgimiento de potencias y la formaciones de bloques internacionales es s\u00f3lo el comienzo de un nuevo liderazgo del mundo con nuevas v\u00edas.<\/p>\n<p style=\"text-align: justify;\"><strong><span style=\"color: #0000ff;\">Colectivo de traductores y redactores del sitio SANA en espa\u00f1ol<\/span><\/strong><\/p>\n","protected":false},"excerpt":{"rendered":"<p>Damasco, SANA Les ofrecemos a continuaci\u00f3n un resumen de las noticias nacionales e internacionales relativas a Siria y difundidas por nuestra agencia en las \u00faltimas 24 horas: Ej\u00e9rcito abate a terroristas que atacaron puntos militares en el sudeste de Idleb Contingentes del ej\u00e9rcito \u00e1rabe sirio abatieron a grupos terroristas que intentaron infiltrarse y atacar los &hellip;<\/p>\n","protected":false},"author":34,"featured_media":122881,"comment_status":"closed","ping_status":"closed","sticky":false,"template":"","format":"standard","meta":{"footnotes":""},"categories":[447,555,597,7541],"tags":[],"class_list":["post-122876","post","type-post","status-publish","format-standard","has-post-thumbnail","","category-local-politica","category-prensa","category-cinta-de-noticias","category-ultimas-noticias"],"_links":{"self":[{"href":"https:\/\/archive.sana.sy\/es\/index.php?rest_route=\/wp\/v2\/posts\/122876"}],"collection":[{"href":"https:\/\/archive.sana.sy\/es\/index.php?rest_route=\/wp\/v2\/posts"}],"about":[{"href":"https:\/\/archive.sana.sy\/es\/index.php?rest_route=\/wp\/v2\/types\/post"}],"author":[{"embeddable":true,"href":"https:\/\/archive.sana.sy\/es\/index.php?rest_route=\/wp\/v2\/users\/34"}],"replies":[{"embeddable":true,"href":"https:\/\/archive.sana.sy\/es\/index.php?rest_route=%2Fwp%2Fv2%2Fcomments&post=122876"}],"version-history":[{"count":0,"href":"https:\/\/archive.sana.sy\/es\/index.php?rest_route=\/wp\/v2\/posts\/122876\/revisions"}],"wp:featuredmedia":[{"embeddable":true,"href":"https:\/\/archive.sana.sy\/es\/index.php?rest_route=\/wp\/v2\/media\/122881"}],"wp:attachment":[{"href":"https:\/\/archive.sana.sy\/es\/index.php?rest_route=%2Fwp%2Fv2%2Fmedia&parent=122876"}],"wp:term":[{"taxonomy":"category","embeddable":true,"href":"https:\/\/archive.sana.sy\/es\/index.php?rest_route=%2Fwp%2Fv2%2Fcategories&post=122876"},{"taxonomy":"post_tag","embeddable":true,"href":"https:\/\/archive.sana.sy\/es\/index.php?rest_route=%2Fwp%2Fv2%2Ftags&post=122876"}],"curies":[{"name":"wp","href":"https:\/\/api.w.org\/{rel}","templated":true}]}}