{"id":123130,"date":"2019-12-09T06:46:49","date_gmt":"2019-12-09T04:46:49","guid":{"rendered":"http:\/\/sana.sy\/es\/?p=123130"},"modified":"2023-01-10T14:35:07","modified_gmt":"2023-01-10T12:35:07","slug":"muere-un-civil-en-bombardeos-terroristas-contra-localidades-del-norte-de-hama","status":"publish","type":"post","link":"https:\/\/archive.sana.sy\/es\/?p=123130","title":{"rendered":"Muere un civil en bombardeos terroristas contra localidades del norte de Hama"},"content":{"rendered":"<p style=\"text-align: justify;\"><strong><span style=\"color: #800000;\">Hama, SANA<\/span><\/strong><\/p>\n<p style=\"text-align: justify;\">Un civil perdi\u00f3 la vida y un ni\u00f1o result\u00f3 herido en ataques de los terroristas con presencia en el sur de Idleb con el pueblo de Aziziah y la ciudad de Suquelbieh en el norte de la provincia de Hama.<\/p>\n<p style=\"text-align: justify;\">\u201cLos grupos terroristas bombardearon con cohetes las casas de los ciudadanos en Aziziah y mataron a un civil e hirieron a un ni\u00f1o, adem\u00e1s de provocar da\u00f1os materiales en algunas casas y propiedades p\u00fablicas y privadas\u201d, report\u00f3 el corresponsal de SANA.<\/p>\n<p style=\"text-align: justify;\">Asimismo, la ciudad de Suquelbieh en el norte de la provincia de Hama fue blanco de bombardeos terroristas con cohetes que provocaron da\u00f1os materiales.<\/p>\n<p style=\"text-align: justify;\">\u201cVarios cohetes disparados por terroristas desde sus posiciones en el sur de la provincia de Idleb, impactaron en las afueras de la ciudad de Suquelbieh y los da\u00f1os se limitaron en materiales\u201d, report\u00f3 el corresponsal de SANA en Hama.<\/p>\n<p style=\"text-align: justify;\">Se\u00f1al\u00f3 que las unidades del ej\u00e9rcito detectaron las fuentes de lanzamiento de los misiles y las bombardearon con artiller\u00eda.<\/p>\n<p style=\"text-align: justify;\">La mayor parte de la provincia de Idleb es dominada por grupos terroristas afines al Frente Al-Nousra y atacan frecuentemente a los poblados y puntos militares en las zonas aleda\u00f1as.<\/p>\n<p style=\"text-align: justify;\"><span style=\"color: #0000ff;\">F.M<\/span><\/p>\n","protected":false},"excerpt":{"rendered":"<p>Hama, SANA Un civil perdi\u00f3 la vida y un ni\u00f1o result\u00f3 herido en ataques de los terroristas con presencia en el sur de Idleb con el pueblo de Aziziah y la ciudad de Suquelbieh en el norte de la provincia de Hama. \u201cLos grupos terroristas bombardearon con cohetes las casas de los ciudadanos en Aziziah &hellip;<\/p>\n","protected":false},"author":34,"featured_media":123131,"comment_status":"closed","ping_status":"closed","sticky":false,"template":"","format":"standard","meta":{"footnotes":""},"categories":[447,597,573,476,7541],"tags":[],"class_list":["post-123130","post","type-post","status-publish","format-standard","has-post-thumbnail","","category-local-politica","category-cinta-de-noticias","category-la-realidad-de-los-acontecimientos-en-siria","category-locales","category-ultimas-noticias"],"_links":{"self":[{"href":"https:\/\/archive.sana.sy\/es\/index.php?rest_route=\/wp\/v2\/posts\/123130"}],"collection":[{"href":"https:\/\/archive.sana.sy\/es\/index.php?rest_route=\/wp\/v2\/posts"}],"about":[{"href":"https:\/\/archive.sana.sy\/es\/index.php?rest_route=\/wp\/v2\/types\/post"}],"author":[{"embeddable":true,"href":"https:\/\/archive.sana.sy\/es\/index.php?rest_route=\/wp\/v2\/users\/34"}],"replies":[{"embeddable":true,"href":"https:\/\/archive.sana.sy\/es\/index.php?rest_route=%2Fwp%2Fv2%2Fcomments&post=123130"}],"version-history":[{"count":0,"href":"https:\/\/archive.sana.sy\/es\/index.php?rest_route=\/wp\/v2\/posts\/123130\/revisions"}],"wp:featuredmedia":[{"embeddable":true,"href":"https:\/\/archive.sana.sy\/es\/index.php?rest_route=\/wp\/v2\/media\/123131"}],"wp:attachment":[{"href":"https:\/\/archive.sana.sy\/es\/index.php?rest_route=%2Fwp%2Fv2%2Fmedia&parent=123130"}],"wp:term":[{"taxonomy":"category","embeddable":true,"href":"https:\/\/archive.sana.sy\/es\/index.php?rest_route=%2Fwp%2Fv2%2Fcategories&post=123130"},{"taxonomy":"post_tag","embeddable":true,"href":"https:\/\/archive.sana.sy\/es\/index.php?rest_route=%2Fwp%2Fv2%2Ftags&post=123130"}],"curies":[{"name":"wp","href":"https:\/\/api.w.org\/{rel}","templated":true}]}}